{"id":261211,"date":"2023-08-29T13:00:00","date_gmt":"2023-08-29T13:00:00","guid":{"rendered":"https:\/\/www.evearly.news\/fr\/nouveau-peugeot-3008-en-quoi-supplantera-t-il-son-predecesseur\/"},"modified":"2023-08-29T13:00:00","modified_gmt":"2023-08-29T13:00:00","slug":"nouveau-peugeot-3008-en-quoi-supplantera-t-il-son-predecesseur","status":"publish","type":"post","link":"https:\/\/www.evearly.news\/fr\/nouveau-peugeot-3008-en-quoi-supplantera-t-il-son-predecesseur\/","title":{"rendered":"Nouveau Peugeot 3008 : en quoi supplantera-t-il son pr\u00e9d\u00e9cesseur ?"},"content":{"rendered":"<div class=\"media_block\"><img decoding=\"async\" src=\"https:\/\/www.evearly.news\/fr\/wp-content\/uploads\/sites\/6\/2023\/08\/nouveau-peugeot-3008-en-quoi-supplantera-t-il-son-predecesseur.jpg\"><\/div>\n<p>Les jours sont compt\u00e9s avant la r\u00e9v\u00e9lation de la troisi\u00e8me g\u00e9n\u00e9ration de 3008, pr\u00e9vue le 12 septembre. On fait d\u2019ors et d\u00e9j\u00e0 le point sur les avanc\u00e9es promises par le nouveau venu, par rapport au mod\u00e8le actuel sorti en 2016. <a href=\"https:\/\/www.auto-moto.com\/suv\/nouveau-peugeot-3008--en-quoi-supplantera-t-il-son-predecesseur--23801\" target=\"blank\" rel=\"noopener\">Lire la suite&#8230;<\/a><\/p>\n","protected":false},"excerpt":{"rendered":"<div class=\"media_block\"><img decoding=\"async\" src=\"https:\/\/www.evearly.news\/fr\/wp-content\/uploads\/sites\/6\/2023\/08\/nouveau-peugeot-3008-en-quoi-supplantera-t-il-son-predecesseur.jpg\"><\/div>\n<p>Les jours sont compt\u00e9s avant la r\u00e9v\u00e9lation de la troisi\u00e8me g\u00e9n\u00e9ration de 3008, pr\u00e9vue le 12 septembre. On fait d\u2019ors et d\u00e9j\u00e0 le point sur les avanc\u00e9es promises par le nouveau venu, par rapport au mod\u00e8le actuel sorti en 2016&#8230;. <a class=\"continue-reading-link\" href=\"https:\/\/www.evearly.news\/fr\/nouveau-peugeot-3008-en-quoi-supplantera-t-il-son-predecesseur\/\"><\/a><\/p>\n","protected":false},"author":9,"featured_media":261212,"comment_status":"closed","ping_status":"closed","sticky":false,"template":"Default","format":"standard","meta":{"footnotes":""},"categories":[10],"tags":[],"class_list":["post-261211","post","type-post","status-publish","format-standard","has-post-thumbnail","hentry","category-auto-moto-com"],"_links":{"self":[{"href":"https:\/\/www.evearly.news\/fr\/wp-json\/wp\/v2\/posts\/261211","targetHints":{"allow":["GET"]}}],"collection":[{"href":"https:\/\/www.evearly.news\/fr\/wp-json\/wp\/v2\/posts"}],"about":[{"href":"https:\/\/www.evearly.news\/fr\/wp-json\/wp\/v2\/types\/post"}],"author":[{"embeddable":true,"href":"https:\/\/www.evearly.news\/fr\/wp-json\/wp\/v2\/users\/9"}],"replies":[{"embeddable":true,"href":"https:\/\/www.evearly.news\/fr\/wp-json\/wp\/v2\/comments?post=261211"}],"version-history":[{"count":0,"href":"https:\/\/www.evearly.news\/fr\/wp-json\/wp\/v2\/posts\/261211\/revisions"}],"wp:featuredmedia":[{"embeddable":true,"href":"https:\/\/www.evearly.news\/fr\/wp-json\/wp\/v2\/media\/261212"}],"wp:attachment":[{"href":"https:\/\/www.evearly.news\/fr\/wp-json\/wp\/v2\/media?parent=261211"}],"wp:term":[{"taxonomy":"category","embeddable":true,"href":"https:\/\/www.evearly.news\/fr\/wp-json\/wp\/v2\/categories?post=261211"},{"taxonomy":"post_tag","embeddable":true,"href":"https:\/\/www.evearly.news\/fr\/wp-json\/wp\/v2\/tags?post=261211"}],"curies":[{"name":"wp","href":"https:\/\/api.w.org\/{rel}","templated":true}]}}