{"id":261216,"date":"2023-08-29T14:24:00","date_gmt":"2023-08-29T14:24:00","guid":{"rendered":"https:\/\/www.evearly.news\/fr\/nouvelle-lotus-emeya-comment-compte-t-elle-sy-prendre-pour-humilier-la-tesla-model-s\/"},"modified":"2023-08-29T14:24:00","modified_gmt":"2023-08-29T14:24:00","slug":"nouvelle-lotus-emeya-comment-compte-t-elle-sy-prendre-pour-humilier-la-tesla-model-s","status":"publish","type":"post","link":"https:\/\/www.evearly.news\/fr\/nouvelle-lotus-emeya-comment-compte-t-elle-sy-prendre-pour-humilier-la-tesla-model-s\/","title":{"rendered":"Nouvelle Lotus Emeya : comment compte-t-elle s\u2019y prendre pour humilier la Tesla Model S ?"},"content":{"rendered":"<div class=\"media_block\"><img decoding=\"async\" src=\"https:\/\/www.evearly.news\/fr\/wp-content\/uploads\/sites\/6\/2023\/08\/nouvelle-lotus-emeya-comment-compte-t-elle-sy-prendre-pour-humilier-la-tesla-model-s.jpg\"><\/div>\n<p>Si de grands noms de l\u2019automobile comme Audi, Porsche ou encore Mercedes peinent \u00e0 tenir la drag\u00e9e haute face \u00e0 Tesla, Lotus pourrait d\u00e9finitivement mettre d\u2019accord tout ce beau monde avec ces berline \u00e9lectrique au p\u00e9digr\u00e9e hallucinant, attendue le 7 septembre. <a href=\"https:\/\/www.auto-moto.com\/routiere\/nouvelle-lotus-emeya--comment-compte-t-elle-s-y-prendre-pour-humilier-la-tesla-model-s---23810\" target=\"blank\" rel=\"noopener\">Lire la suite&#8230;<\/a><\/p>\n","protected":false},"excerpt":{"rendered":"<div class=\"media_block\"><img decoding=\"async\" src=\"https:\/\/www.evearly.news\/fr\/wp-content\/uploads\/sites\/6\/2023\/08\/nouvelle-lotus-emeya-comment-compte-t-elle-sy-prendre-pour-humilier-la-tesla-model-s.jpg\"><\/div>\n<p>Si de grands noms de l\u2019automobile comme Audi, Porsche ou encore Mercedes peinent \u00e0 tenir la drag\u00e9e haute face \u00e0 Tesla, Lotus pourrait d\u00e9finitivement mettre d\u2019accord tout ce beau monde avec ces berline \u00e9lectrique au p\u00e9digr\u00e9e hallucinant, attendue le 7 septembre&#8230;. <a class=\"continue-reading-link\" href=\"https:\/\/www.evearly.news\/fr\/nouvelle-lotus-emeya-comment-compte-t-elle-sy-prendre-pour-humilier-la-tesla-model-s\/\"><\/a><\/p>\n","protected":false},"author":9,"featured_media":261217,"comment_status":"closed","ping_status":"closed","sticky":false,"template":"Default","format":"standard","meta":{"footnotes":""},"categories":[10],"tags":[],"class_list":["post-261216","post","type-post","status-publish","format-standard","has-post-thumbnail","hentry","category-auto-moto-com"],"_links":{"self":[{"href":"https:\/\/www.evearly.news\/fr\/wp-json\/wp\/v2\/posts\/261216","targetHints":{"allow":["GET"]}}],"collection":[{"href":"https:\/\/www.evearly.news\/fr\/wp-json\/wp\/v2\/posts"}],"about":[{"href":"https:\/\/www.evearly.news\/fr\/wp-json\/wp\/v2\/types\/post"}],"author":[{"embeddable":true,"href":"https:\/\/www.evearly.news\/fr\/wp-json\/wp\/v2\/users\/9"}],"replies":[{"embeddable":true,"href":"https:\/\/www.evearly.news\/fr\/wp-json\/wp\/v2\/comments?post=261216"}],"version-history":[{"count":0,"href":"https:\/\/www.evearly.news\/fr\/wp-json\/wp\/v2\/posts\/261216\/revisions"}],"wp:featuredmedia":[{"embeddable":true,"href":"https:\/\/www.evearly.news\/fr\/wp-json\/wp\/v2\/media\/261217"}],"wp:attachment":[{"href":"https:\/\/www.evearly.news\/fr\/wp-json\/wp\/v2\/media?parent=261216"}],"wp:term":[{"taxonomy":"category","embeddable":true,"href":"https:\/\/www.evearly.news\/fr\/wp-json\/wp\/v2\/categories?post=261216"},{"taxonomy":"post_tag","embeddable":true,"href":"https:\/\/www.evearly.news\/fr\/wp-json\/wp\/v2\/tags?post=261216"}],"curies":[{"name":"wp","href":"https:\/\/api.w.org\/{rel}","templated":true}]}}