{"id":261218,"date":"2023-08-29T13:32:22","date_gmt":"2023-08-29T13:32:22","guid":{"rendered":"https:\/\/www.evearly.news\/fr\/mg-cyberster-on-en-sait-plus-sur-les-caracteristiques-du-roadster-electrique\/"},"modified":"2023-08-29T13:32:22","modified_gmt":"2023-08-29T13:32:22","slug":"mg-cyberster-on-en-sait-plus-sur-les-caracteristiques-du-roadster-electrique","status":"publish","type":"post","link":"https:\/\/www.evearly.news\/fr\/mg-cyberster-on-en-sait-plus-sur-les-caracteristiques-du-roadster-electrique\/","title":{"rendered":"MG Cyberster : on en sait plus sur les caract\u00e9ristiques du roadster \u00e9lectrique"},"content":{"rendered":"<p><img loading=\"lazy\" decoding=\"async\" width=\"500\" height=\"333\" src=\"https:\/\/www.evearly.news\/fr\/wp-content\/uploads\/sites\/6\/2023\/08\/mg-cyberster-on-en-sait-plus-sur-les-caracteristiques-du-roadster-electrique.jpg\" class=\"attachment-1200x800 size-1200x800 wp-post-image\" alt=\"\" srcset=\"https:\/\/www.evearly.news\/fr\/wp-content\/uploads\/sites\/6\/2023\/08\/mg-cyberster-on-en-sait-plus-sur-les-caracteristiques-du-roadster-electrique.jpg 1449w, https:\/\/www.evearly.news\/fr\/wp-content\/uploads\/sites\/6\/2023\/08\/mg-cyberster-on-en-sait-plus-sur-les-caracteristiques-du-roadster-electrique-1.jpg 1200w, https:\/\/www.evearly.news\/fr\/wp-content\/uploads\/sites\/6\/2023\/08\/mg-cyberster-on-en-sait-plus-sur-les-caracteristiques-du-roadster-electrique-2.jpg 1024w, https:\/\/www.evearly.news\/fr\/wp-content\/uploads\/sites\/6\/2023\/08\/mg-cyberster-on-en-sait-plus-sur-les-caracteristiques-du-roadster-electrique-3.jpg 768w, https:\/\/cdn.automobile-propre.com\/uploads\/2023\/04\/2023_MG-Cyberster_01-1-620x285.jpg 620w\" sizes=\"auto, (max-width: 1200px) 100vw, 1200px\" \/><br \/>\nLe MG Cyberster continue de se d\u00e9voiler, avant sa commercialisation l&rsquo;ann\u00e9e prochaine. On connait d\u00e9sormais la capacit\u00e9 de batterie et l&rsquo;autonomie du roadster \u00e9lectrique. <a onClick='Showbrowser2();' href=\"https:\/\/www.automobile-propre.com\/breves\/mg-cyberster-on-en-sait-plus-sur-les-caracteristiques-du-roadster-electrique\/\" target='bwindow' rel=\"noopener\">Lire la suite&#8230;<\/a><\/p>\n","protected":false},"excerpt":{"rendered":"<p>Le MG Cyberster continue de se d\u00e9voiler, avant sa commercialisation l&rsquo;ann\u00e9e prochaine. On connait d\u00e9sormais la capacit\u00e9 de batterie et l&rsquo;autonomie du roadster \u00e9lectrique.<\/p>\n<p> Lire la suite&#8230;&#8230; <a class=\"continue-reading-link\" href=\"https:\/\/www.evearly.news\/fr\/mg-cyberster-on-en-sait-plus-sur-les-caracteristiques-du-roadster-electrique\/\"><\/a><\/p>\n","protected":false},"author":8,"featured_media":261219,"comment_status":"closed","ping_status":"closed","sticky":false,"template":"Default","format":"standard","meta":{"footnotes":""},"categories":[8],"tags":[],"class_list":["post-261218","post","type-post","status-publish","format-standard","has-post-thumbnail","hentry","category-automobile-propre"],"_links":{"self":[{"href":"https:\/\/www.evearly.news\/fr\/wp-json\/wp\/v2\/posts\/261218","targetHints":{"allow":["GET"]}}],"collection":[{"href":"https:\/\/www.evearly.news\/fr\/wp-json\/wp\/v2\/posts"}],"about":[{"href":"https:\/\/www.evearly.news\/fr\/wp-json\/wp\/v2\/types\/post"}],"author":[{"embeddable":true,"href":"https:\/\/www.evearly.news\/fr\/wp-json\/wp\/v2\/users\/8"}],"replies":[{"embeddable":true,"href":"https:\/\/www.evearly.news\/fr\/wp-json\/wp\/v2\/comments?post=261218"}],"version-history":[{"count":0,"href":"https:\/\/www.evearly.news\/fr\/wp-json\/wp\/v2\/posts\/261218\/revisions"}],"wp:featuredmedia":[{"embeddable":true,"href":"https:\/\/www.evearly.news\/fr\/wp-json\/wp\/v2\/media\/261219"}],"wp:attachment":[{"href":"https:\/\/www.evearly.news\/fr\/wp-json\/wp\/v2\/media?parent=261218"}],"wp:term":[{"taxonomy":"category","embeddable":true,"href":"https:\/\/www.evearly.news\/fr\/wp-json\/wp\/v2\/categories?post=261218"},{"taxonomy":"post_tag","embeddable":true,"href":"https:\/\/www.evearly.news\/fr\/wp-json\/wp\/v2\/tags?post=261218"}],"curies":[{"name":"wp","href":"https:\/\/api.w.org\/{rel}","templated":true}]}}