{"id":261827,"date":"2023-09-06T14:00:00","date_gmt":"2023-09-06T14:00:00","guid":{"rendered":"https:\/\/www.evearly.news\/fr\/volkswagen-devoile-le-prix-de-son-id-7-et-elle-nest-pas-donnee\/"},"modified":"2023-09-06T14:00:00","modified_gmt":"2023-09-06T14:00:00","slug":"volkswagen-devoile-le-prix-de-son-id-7-et-elle-nest-pas-donnee","status":"publish","type":"post","link":"https:\/\/www.evearly.news\/fr\/volkswagen-devoile-le-prix-de-son-id-7-et-elle-nest-pas-donnee\/","title":{"rendered":"Volkswagen d\u00e9voile le prix de son ID.7, et elle n\u2019est pas donn\u00e9e !"},"content":{"rendered":"<div class=\"media_block\"><img decoding=\"async\" src=\"https:\/\/www.evearly.news\/fr\/wp-content\/uploads\/sites\/6\/2023\/09\/volkswagen-devoile-le-prix-de-son-id-7-et-elle-nest-pas-donnee.jpg\"><\/div>\n<p>Volkswagen ouvre le carnet de commandes de sa nouvelle berline \u00e9lectrique ID.7 en France, avec un tarif sup\u00e9rieur \u00e0 60 000 \u20ac pour l\u2019entr\u00e9e de gamme. <a href=\"https:\/\/www.auto-moto.com\/prix-du-neuf\/volkswagen-devoile-le-prix-de-son-id-7-24153\" target=\"blank\" rel=\"noopener\">Lire la suite&#8230;<\/a><\/p>\n","protected":false},"excerpt":{"rendered":"<div class=\"media_block\"><img decoding=\"async\" src=\"https:\/\/www.evearly.news\/fr\/wp-content\/uploads\/sites\/6\/2023\/09\/volkswagen-devoile-le-prix-de-son-id-7-et-elle-nest-pas-donnee.jpg\"><\/div>\n<p>Volkswagen ouvre le carnet de commandes de sa nouvelle berline \u00e9lectrique ID.7 en France, avec un tarif sup\u00e9rieur \u00e0 60 000 \u20ac pour l\u2019entr\u00e9e de gamme&#8230;. <a class=\"continue-reading-link\" href=\"https:\/\/www.evearly.news\/fr\/volkswagen-devoile-le-prix-de-son-id-7-et-elle-nest-pas-donnee\/\"><\/a><\/p>\n","protected":false},"author":9,"featured_media":261828,"comment_status":"closed","ping_status":"closed","sticky":false,"template":"Default","format":"standard","meta":{"footnotes":""},"categories":[10],"tags":[],"class_list":["post-261827","post","type-post","status-publish","format-standard","has-post-thumbnail","hentry","category-auto-moto-com"],"_links":{"self":[{"href":"https:\/\/www.evearly.news\/fr\/wp-json\/wp\/v2\/posts\/261827","targetHints":{"allow":["GET"]}}],"collection":[{"href":"https:\/\/www.evearly.news\/fr\/wp-json\/wp\/v2\/posts"}],"about":[{"href":"https:\/\/www.evearly.news\/fr\/wp-json\/wp\/v2\/types\/post"}],"author":[{"embeddable":true,"href":"https:\/\/www.evearly.news\/fr\/wp-json\/wp\/v2\/users\/9"}],"replies":[{"embeddable":true,"href":"https:\/\/www.evearly.news\/fr\/wp-json\/wp\/v2\/comments?post=261827"}],"version-history":[{"count":0,"href":"https:\/\/www.evearly.news\/fr\/wp-json\/wp\/v2\/posts\/261827\/revisions"}],"wp:featuredmedia":[{"embeddable":true,"href":"https:\/\/www.evearly.news\/fr\/wp-json\/wp\/v2\/media\/261828"}],"wp:attachment":[{"href":"https:\/\/www.evearly.news\/fr\/wp-json\/wp\/v2\/media?parent=261827"}],"wp:term":[{"taxonomy":"category","embeddable":true,"href":"https:\/\/www.evearly.news\/fr\/wp-json\/wp\/v2\/categories?post=261827"},{"taxonomy":"post_tag","embeddable":true,"href":"https:\/\/www.evearly.news\/fr\/wp-json\/wp\/v2\/tags?post=261827"}],"curies":[{"name":"wp","href":"https:\/\/api.w.org\/{rel}","templated":true}]}}