{"id":261851,"date":"2023-09-06T16:32:22","date_gmt":"2023-09-06T16:32:22","guid":{"rendered":"https:\/\/www.evearly.news\/fr\/joe-biden-met-155-milliards-de-dollars-pour-convertir-les-usines-americaines-aux-vehicules-electriques\/"},"modified":"2023-09-06T16:32:22","modified_gmt":"2023-09-06T16:32:22","slug":"joe-biden-met-155-milliards-de-dollars-pour-convertir-les-usines-americaines-aux-vehicules-electriques","status":"publish","type":"post","link":"https:\/\/www.evearly.news\/fr\/joe-biden-met-155-milliards-de-dollars-pour-convertir-les-usines-americaines-aux-vehicules-electriques\/","title":{"rendered":"Joe Biden met 15,5 milliards de dollars pour convertir les usines am\u00e9ricaines aux v\u00e9hicules \u00e9lectriques"},"content":{"rendered":"<p><img loading=\"lazy\" decoding=\"async\" width=\"500\" height=\"333\" src=\"https:\/\/www.evearly.news\/fr\/wp-content\/uploads\/sites\/6\/2023\/09\/joe-biden-met-155-milliards-de-dollars-pour-convertir-les-usines-americaines-aux-vehicules-electriques.jpg\" class=\"attachment-1200x800 size-1200x800 wp-post-image\" alt=\"\" srcset=\"https:\/\/www.evearly.news\/fr\/wp-content\/uploads\/sites\/6\/2023\/09\/joe-biden-met-155-milliards-de-dollars-pour-convertir-les-usines-americaines-aux-vehicules-electriques.jpg 1920w, https:\/\/www.evearly.news\/fr\/wp-content\/uploads\/sites\/6\/2023\/09\/joe-biden-met-155-milliards-de-dollars-pour-convertir-les-usines-americaines-aux-vehicules-electriques-1.jpg 1200w, https:\/\/www.evearly.news\/fr\/wp-content\/uploads\/sites\/6\/2023\/09\/joe-biden-met-155-milliards-de-dollars-pour-convertir-les-usines-americaines-aux-vehicules-electriques-2.jpg 1024w, https:\/\/www.evearly.news\/fr\/wp-content\/uploads\/sites\/6\/2023\/09\/joe-biden-met-155-milliards-de-dollars-pour-convertir-les-usines-americaines-aux-vehicules-electriques-3.jpg 768w, https:\/\/www.evearly.news\/fr\/wp-content\/uploads\/sites\/6\/2023\/09\/joe-biden-met-155-milliards-de-dollars-pour-convertir-les-usines-americaines-aux-vehicules-electriques-4.jpg 1536w, https:\/\/cdn.automobile-propre.com\/uploads\/2023\/09\/gmc-etats-unis-620x349.jpeg 620w\" sizes=\"auto, (max-width: 1200px) 100vw, 1200px\" \/><br \/>\nLe minist\u00e8re am\u00e9ricain de l&rsquo;\u00c9nergie a annonc\u00e9 le 31 ao\u00fbt 2023 un nouveau plan pour convertir les usines automobiles du\u2026 <a onClick='Showbrowser2();' href=\"https:\/\/www.automobile-propre.com\/ladministration-biden-met-155-milliards-de-dollars-pour-convertir-les-usines-americaines-aux-vehicules-electriques\/\" target='bwindow' rel=\"noopener\">Lire la suite&#8230;<\/a><\/p>\n","protected":false},"excerpt":{"rendered":"<p>Le minist\u00e8re am\u00e9ricain de l&rsquo;\u00c9nergie a annonc\u00e9 le 31 ao\u00fbt 2023 un nouveau plan pour convertir les usines automobiles du\u2026<\/p>\n<p> Lire la suite&#8230;&#8230; <a class=\"continue-reading-link\" href=\"https:\/\/www.evearly.news\/fr\/joe-biden-met-155-milliards-de-dollars-pour-convertir-les-usines-americaines-aux-vehicules-electriques\/\"><\/a><\/p>\n","protected":false},"author":8,"featured_media":261852,"comment_status":"closed","ping_status":"closed","sticky":false,"template":"Default","format":"standard","meta":{"footnotes":""},"categories":[8],"tags":[],"class_list":["post-261851","post","type-post","status-publish","format-standard","has-post-thumbnail","hentry","category-automobile-propre"],"_links":{"self":[{"href":"https:\/\/www.evearly.news\/fr\/wp-json\/wp\/v2\/posts\/261851","targetHints":{"allow":["GET"]}}],"collection":[{"href":"https:\/\/www.evearly.news\/fr\/wp-json\/wp\/v2\/posts"}],"about":[{"href":"https:\/\/www.evearly.news\/fr\/wp-json\/wp\/v2\/types\/post"}],"author":[{"embeddable":true,"href":"https:\/\/www.evearly.news\/fr\/wp-json\/wp\/v2\/users\/8"}],"replies":[{"embeddable":true,"href":"https:\/\/www.evearly.news\/fr\/wp-json\/wp\/v2\/comments?post=261851"}],"version-history":[{"count":0,"href":"https:\/\/www.evearly.news\/fr\/wp-json\/wp\/v2\/posts\/261851\/revisions"}],"wp:featuredmedia":[{"embeddable":true,"href":"https:\/\/www.evearly.news\/fr\/wp-json\/wp\/v2\/media\/261852"}],"wp:attachment":[{"href":"https:\/\/www.evearly.news\/fr\/wp-json\/wp\/v2\/media?parent=261851"}],"wp:term":[{"taxonomy":"category","embeddable":true,"href":"https:\/\/www.evearly.news\/fr\/wp-json\/wp\/v2\/categories?post=261851"},{"taxonomy":"post_tag","embeddable":true,"href":"https:\/\/www.evearly.news\/fr\/wp-json\/wp\/v2\/tags?post=261851"}],"curies":[{"name":"wp","href":"https:\/\/api.w.org\/{rel}","templated":true}]}}