{"id":261855,"date":"2023-09-06T16:31:08","date_gmt":"2023-09-06T16:31:08","guid":{"rendered":"https:\/\/www.evearly.news\/fr\/huawei-devoile-sa-nouvelle-voiture-electrique-avec-son-autonomie-xxl-et-son-interieur-ultra-futuriste\/"},"modified":"2023-09-06T16:31:08","modified_gmt":"2023-09-06T16:31:08","slug":"huawei-devoile-sa-nouvelle-voiture-electrique-avec-son-autonomie-xxl-et-son-interieur-ultra-futuriste","status":"publish","type":"post","link":"https:\/\/www.evearly.news\/fr\/huawei-devoile-sa-nouvelle-voiture-electrique-avec-son-autonomie-xxl-et-son-interieur-ultra-futuriste\/","title":{"rendered":"Huawei d\u00e9voile sa nouvelle voiture \u00e9lectrique, avec son autonomie XXL et son int\u00e9rieur ultra futuriste"},"content":{"rendered":"<p><img width=\"1200\" height=\"800\" src=\"https:\/\/www.evearly.news\/fr\/wp-content\/uploads\/sites\/6\/2023\/09\/huawei-devoile-sa-nouvelle-voiture-electrique-avec-son-autonomie-xxl-et-son-interieur-ultra-futuriste.jpg\" class=\"attachment-large size-large wp-post-image\" alt=\"\" decoding=\"async\" loading=\"lazy\" \/<br \/>M\u00e9connue en Europe, la marque chinoise Avatr a profit\u00e9 du salon de Munich pour lever officiellement le voile sur sa berline Avatr 12 (aussi connue sous le nom d&rsquo;Avita 12). D\u00e9velopp\u00e9e avec le g\u00e9ant chinois du smartphone Huawei, cette voiture \u00e9lectrique rivale de la Tesla Model S affiche des caract\u00e9ristiques int\u00e9ressantes. <a href=\"https:\/\/www.frandroid.com\/survoltes\/voitures-electriques\/1787323_huawei-devoile-sa-nouvelle-voiture-electrique-avec-son-autonomie-xxl-et-son-interieur-ultra-futuriste\" target=\"blank\" rel=\"noopener\">Lire la suite&#8230;<\/a><\/p>\n","protected":false},"excerpt":{"rendered":"<p>&lt;img width=&quot;1200&quot; height=&quot;800&quot; src=&quot;https:\/\/www.evearly.news\/fr\/wp-content\/uploads\/sites\/6\/2023\/09\/huawei-devoile-sa-nouvelle-voiture-electrique-avec-son-autonomie-xxl-et-son-interieur-ultra-futuriste.jpg&quot; class=&quot;attachment-large size-large wp-post-image&quot; alt=&quot;&quot; decoding=&quot;async&quot; loading=&quot;lazy&quot; \/<br \/>M\u00e9connue en Europe, la marque chinoise Avatr a profit\u00e9 du salon de Munich pour lever officiellement le voile sur sa berline Avatr 12 (aussi connue sous le nom d&rsquo;Avita 12). D\u00e9velopp\u00e9e avec le g\u00e9ant chinois du smartphone Huawei, cette voiture \u00e9lectrique rivale de la Tesla Model S affiche des caract\u00e9ristiques int\u00e9ressantes.<\/p>\n<p> <a class=\"continue-reading-link\" href=\"https:\/\/www.evearly.news\/fr\/huawei-devoile-sa-nouvelle-voiture-electrique-avec-son-autonomie-xxl-et-son-interieur-ultra-futuriste\/\"><\/a><\/p>\n","protected":false},"author":6,"featured_media":261856,"comment_status":"closed","ping_status":"closed","sticky":false,"template":"Default","format":"standard","meta":{"footnotes":""},"categories":[14],"tags":[],"class_list":["post-261855","post","type-post","status-publish","format-standard","has-post-thumbnail","hentry","category-frandroid"],"_links":{"self":[{"href":"https:\/\/www.evearly.news\/fr\/wp-json\/wp\/v2\/posts\/261855","targetHints":{"allow":["GET"]}}],"collection":[{"href":"https:\/\/www.evearly.news\/fr\/wp-json\/wp\/v2\/posts"}],"about":[{"href":"https:\/\/www.evearly.news\/fr\/wp-json\/wp\/v2\/types\/post"}],"author":[{"embeddable":true,"href":"https:\/\/www.evearly.news\/fr\/wp-json\/wp\/v2\/users\/6"}],"replies":[{"embeddable":true,"href":"https:\/\/www.evearly.news\/fr\/wp-json\/wp\/v2\/comments?post=261855"}],"version-history":[{"count":0,"href":"https:\/\/www.evearly.news\/fr\/wp-json\/wp\/v2\/posts\/261855\/revisions"}],"wp:featuredmedia":[{"embeddable":true,"href":"https:\/\/www.evearly.news\/fr\/wp-json\/wp\/v2\/media\/261856"}],"wp:attachment":[{"href":"https:\/\/www.evearly.news\/fr\/wp-json\/wp\/v2\/media?parent=261855"}],"wp:term":[{"taxonomy":"category","embeddable":true,"href":"https:\/\/www.evearly.news\/fr\/wp-json\/wp\/v2\/categories?post=261855"},{"taxonomy":"post_tag","embeddable":true,"href":"https:\/\/www.evearly.news\/fr\/wp-json\/wp\/v2\/tags?post=261855"}],"curies":[{"name":"wp","href":"https:\/\/api.w.org\/{rel}","templated":true}]}}