{"id":261857,"date":"2023-09-06T16:05:48","date_gmt":"2023-09-06T16:05:48","guid":{"rendered":"https:\/\/www.evearly.news\/fr\/on-est-montes-a-bord-de-la-nouvelle-tesla-model-3-une-evolution-profonde-mais-tout-nest-pas-parfait\/"},"modified":"2023-09-06T16:05:48","modified_gmt":"2023-09-06T16:05:48","slug":"on-est-montes-a-bord-de-la-nouvelle-tesla-model-3-une-evolution-profonde-mais-tout-nest-pas-parfait","status":"publish","type":"post","link":"https:\/\/www.evearly.news\/fr\/on-est-montes-a-bord-de-la-nouvelle-tesla-model-3-une-evolution-profonde-mais-tout-nest-pas-parfait\/","title":{"rendered":"On est mont\u00e9s \u00e0 bord de la nouvelle Tesla Model 3 : une \u00e9volution profonde, mais tout n\u2019est pas parfait"},"content":{"rendered":"<p><img width=\"1200\" height=\"800\" src=\"https:\/\/www.evearly.news\/fr\/wp-content\/uploads\/sites\/6\/2023\/09\/on-est-montes-a-bord-de-la-nouvelle-tesla-model-3-une-evolution-profonde-mais-tout-nest-pas-parfait.jpg\" class=\"attachment-large size-large wp-post-image\" alt=\"\" decoding=\"async\" loading=\"lazy\" \/<br \/>Nous avons profit\u00e9 du salon de Munich pour embarquer \u00e0 bord de la nouvelle Tesla Model 3 am\u00e9lior\u00e9e. Nous n&rsquo;avons pas pu rouler avec, mais nous avons pu faire le tour du propri\u00e9taire, et notamment tester quelques nouvelles fonctionnalit\u00e9s. Voici notre premier avis complet et d\u00e9taill\u00e9 sur cette nouvelle voiture \u00e9lectrique. <a href=\"https:\/\/www.frandroid.com\/marques\/tesla\/1787027_on-est-monte-a-bord-de-la-nouvelle-tesla-model-3-une-evolution-profonde-mais-tout-nest-pas-parfait\" target=\"blank\" rel=\"noopener\">Lire la suite&#8230;<\/a><\/p>\n","protected":false},"excerpt":{"rendered":"<p>&lt;img width=&quot;1200&quot; height=&quot;800&quot; src=&quot;https:\/\/www.evearly.news\/fr\/wp-content\/uploads\/sites\/6\/2023\/09\/on-est-montes-a-bord-de-la-nouvelle-tesla-model-3-une-evolution-profonde-mais-tout-nest-pas-parfait.jpg&quot; class=&quot;attachment-large size-large wp-post-image&quot; alt=&quot;&quot; decoding=&quot;async&quot; loading=&quot;lazy&quot; \/<br \/>Nous avons profit\u00e9 du salon de Munich pour embarquer \u00e0 bord de la nouvelle Tesla Model 3 am\u00e9lior\u00e9e. Nous n&rsquo;avons pas pu rouler avec, mais nous avons pu faire le tour du propri\u00e9taire, et notamment tester quelques nouvelles fonctionnalit\u00e9s. Voici notre premier avis complet et d\u00e9taill\u00e9 sur cette nouvelle voiture \u00e9lectrique.<\/p>\n<p> <a class=\"continue-reading-link\" href=\"https:\/\/www.evearly.news\/fr\/on-est-montes-a-bord-de-la-nouvelle-tesla-model-3-une-evolution-profonde-mais-tout-nest-pas-parfait\/\"><\/a><\/p>\n","protected":false},"author":6,"featured_media":261858,"comment_status":"closed","ping_status":"closed","sticky":false,"template":"Default","format":"standard","meta":{"footnotes":""},"categories":[14],"tags":[],"class_list":["post-261857","post","type-post","status-publish","format-standard","has-post-thumbnail","hentry","category-frandroid"],"_links":{"self":[{"href":"https:\/\/www.evearly.news\/fr\/wp-json\/wp\/v2\/posts\/261857","targetHints":{"allow":["GET"]}}],"collection":[{"href":"https:\/\/www.evearly.news\/fr\/wp-json\/wp\/v2\/posts"}],"about":[{"href":"https:\/\/www.evearly.news\/fr\/wp-json\/wp\/v2\/types\/post"}],"author":[{"embeddable":true,"href":"https:\/\/www.evearly.news\/fr\/wp-json\/wp\/v2\/users\/6"}],"replies":[{"embeddable":true,"href":"https:\/\/www.evearly.news\/fr\/wp-json\/wp\/v2\/comments?post=261857"}],"version-history":[{"count":0,"href":"https:\/\/www.evearly.news\/fr\/wp-json\/wp\/v2\/posts\/261857\/revisions"}],"wp:featuredmedia":[{"embeddable":true,"href":"https:\/\/www.evearly.news\/fr\/wp-json\/wp\/v2\/media\/261858"}],"wp:attachment":[{"href":"https:\/\/www.evearly.news\/fr\/wp-json\/wp\/v2\/media?parent=261857"}],"wp:term":[{"taxonomy":"category","embeddable":true,"href":"https:\/\/www.evearly.news\/fr\/wp-json\/wp\/v2\/categories?post=261857"},{"taxonomy":"post_tag","embeddable":true,"href":"https:\/\/www.evearly.news\/fr\/wp-json\/wp\/v2\/tags?post=261857"}],"curies":[{"name":"wp","href":"https:\/\/api.w.org\/{rel}","templated":true}]}}