{"id":261865,"date":"2023-09-07T05:14:16","date_gmt":"2023-09-07T05:14:16","guid":{"rendered":"https:\/\/www.evearly.news\/fr\/volkswagen-on-connait-enfin-le-prix-de-la-nouvelle-id-7-electrique-avec-sa-super-autonomie\/"},"modified":"2023-09-07T05:14:16","modified_gmt":"2023-09-07T05:14:16","slug":"volkswagen-on-connait-enfin-le-prix-de-la-nouvelle-id-7-electrique-avec-sa-super-autonomie","status":"publish","type":"post","link":"https:\/\/www.evearly.news\/fr\/volkswagen-on-connait-enfin-le-prix-de-la-nouvelle-id-7-electrique-avec-sa-super-autonomie\/","title":{"rendered":"Volkswagen : on conna\u00eet enfin le prix de la nouvelle ID.7 \u00e9lectrique avec sa super autonomie"},"content":{"rendered":"<p><img width=\"1200\" height=\"788\" src=\"https:\/\/www.evearly.news\/fr\/wp-content\/uploads\/sites\/6\/2023\/09\/volkswagen-on-connait-enfin-le-prix-de-la-nouvelle-id-7-electrique-avec-sa-super-autonomie.jpg\" class=\"attachment-large size-large wp-post-image\" alt=\"\" decoding=\"async\" loading=\"lazy\" \/<br \/>\u00c0 l&rsquo;occasion de l&rsquo;ouverture des commandes, Volkswagen d\u00e9voile les prix pour le march\u00e9 fran\u00e7ais de sa grande berline \u00e9lectrique, l&rsquo;ID.7. Et la note est plut\u00f4t sal\u00e9e pour cette nouvelle voiture \u00e9lectrique, surtout compar\u00e9 aux prix allemands ! <a href=\"https:\/\/www.frandroid.com\/marques\/volkswagen\/1787891_volkswagen-on-connait-enfin-le-prix-de-la-nouvelle-id-7-electrique-avec-sa-super-autonomie\" target=\"blank\" rel=\"noopener\">Lire la suite&#8230;<\/a><\/p>\n","protected":false},"excerpt":{"rendered":"<p>&lt;img width=&quot;1200&quot; height=&quot;788&quot; src=&quot;https:\/\/www.evearly.news\/fr\/wp-content\/uploads\/sites\/6\/2023\/09\/volkswagen-on-connait-enfin-le-prix-de-la-nouvelle-id-7-electrique-avec-sa-super-autonomie.jpg&quot; class=&quot;attachment-large size-large wp-post-image&quot; alt=&quot;&quot; decoding=&quot;async&quot; loading=&quot;lazy&quot; \/<br \/>\u00c0 l&rsquo;occasion de l&rsquo;ouverture des commandes, Volkswagen d\u00e9voile les prix pour le march\u00e9 fran\u00e7ais de sa grande berline \u00e9lectrique, l&rsquo;ID.7. Et la note est plut\u00f4t sal\u00e9e pour cette nouvelle voiture \u00e9lectrique, surtout compar\u00e9 aux prix allemands !<\/p>\n<p> <a class=\"continue-reading-link\" href=\"https:\/\/www.evearly.news\/fr\/volkswagen-on-connait-enfin-le-prix-de-la-nouvelle-id-7-electrique-avec-sa-super-autonomie\/\"><\/a><\/p>\n","protected":false},"author":6,"featured_media":261866,"comment_status":"closed","ping_status":"closed","sticky":false,"template":"Default","format":"standard","meta":{"footnotes":""},"categories":[14],"tags":[],"class_list":["post-261865","post","type-post","status-publish","format-standard","has-post-thumbnail","hentry","category-frandroid"],"_links":{"self":[{"href":"https:\/\/www.evearly.news\/fr\/wp-json\/wp\/v2\/posts\/261865","targetHints":{"allow":["GET"]}}],"collection":[{"href":"https:\/\/www.evearly.news\/fr\/wp-json\/wp\/v2\/posts"}],"about":[{"href":"https:\/\/www.evearly.news\/fr\/wp-json\/wp\/v2\/types\/post"}],"author":[{"embeddable":true,"href":"https:\/\/www.evearly.news\/fr\/wp-json\/wp\/v2\/users\/6"}],"replies":[{"embeddable":true,"href":"https:\/\/www.evearly.news\/fr\/wp-json\/wp\/v2\/comments?post=261865"}],"version-history":[{"count":0,"href":"https:\/\/www.evearly.news\/fr\/wp-json\/wp\/v2\/posts\/261865\/revisions"}],"wp:featuredmedia":[{"embeddable":true,"href":"https:\/\/www.evearly.news\/fr\/wp-json\/wp\/v2\/media\/261866"}],"wp:attachment":[{"href":"https:\/\/www.evearly.news\/fr\/wp-json\/wp\/v2\/media?parent=261865"}],"wp:term":[{"taxonomy":"category","embeddable":true,"href":"https:\/\/www.evearly.news\/fr\/wp-json\/wp\/v2\/categories?post=261865"},{"taxonomy":"post_tag","embeddable":true,"href":"https:\/\/www.evearly.news\/fr\/wp-json\/wp\/v2\/tags?post=261865"}],"curies":[{"name":"wp","href":"https:\/\/api.w.org\/{rel}","templated":true}]}}