{"id":262200,"date":"2023-09-11T18:24:54","date_gmt":"2023-09-11T16:24:54","guid":{"rendered":"https:\/\/www.evearly.news\/fr\/ce-detail-de-tesla-est-copie-par-ses-concurrents\/"},"modified":"2023-09-11T18:24:54","modified_gmt":"2023-09-11T16:24:54","slug":"ce-detail-de-tesla-est-copie-par-ses-concurrents","status":"publish","type":"post","link":"https:\/\/www.evearly.news\/fr\/ce-detail-de-tesla-est-copie-par-ses-concurrents\/","title":{"rendered":"Ce d\u00e9tail de Tesla est copi\u00e9 par ses concurrents"},"content":{"rendered":"<p><img width=\"1024\" height=\"576\" src=\"https:\/\/www.evearly.news\/fr\/wp-content\/uploads\/sites\/6\/2023\/09\/ce-detail-de-tesla-est-copie-par-ses-concurrents.jpg\" class=\"attachment-large size-large wp-post-image\" alt=\"\" decoding=\"async\" loading=\"lazy\" \/><br \/>\nTesla n\u2019a pas toujours que de bonnes id\u00e9es. Cependant, l&rsquo;int\u00e9gration de cam\u00e9ras sur les ailes avant de ses v\u00e9hicules plait beaucoup \u00e0 certaines marques concurrentes. Dans les all\u00e9es du salon de Munich, cela saute aux yeux. Certains ont repris quasiment un design identique. <a onClick='Showbrowser2();' href=\"https:\/\/www.numerama.com\/vroom\/1498324-ce-detail-de-tesla-est-copie-par-ses-concurrents.html\" target='bwindow' rel=\"noopener\">Lire la suite&#8230;<\/a><\/p>\n","protected":false},"excerpt":{"rendered":"<p>&#8230; <a class=\"continue-reading-link\" href=\"https:\/\/www.evearly.news\/fr\/ce-detail-de-tesla-est-copie-par-ses-concurrents\/\"><\/a><\/p>\n","protected":false},"author":16,"featured_media":262201,"comment_status":"closed","ping_status":"closed","sticky":false,"template":"Default","format":"standard","meta":{"footnotes":""},"categories":[17],"tags":[],"class_list":["post-262200","post","type-post","status-publish","format-standard","has-post-thumbnail","hentry","category-numerama"],"_links":{"self":[{"href":"https:\/\/www.evearly.news\/fr\/wp-json\/wp\/v2\/posts\/262200","targetHints":{"allow":["GET"]}}],"collection":[{"href":"https:\/\/www.evearly.news\/fr\/wp-json\/wp\/v2\/posts"}],"about":[{"href":"https:\/\/www.evearly.news\/fr\/wp-json\/wp\/v2\/types\/post"}],"author":[{"embeddable":true,"href":"https:\/\/www.evearly.news\/fr\/wp-json\/wp\/v2\/users\/16"}],"replies":[{"embeddable":true,"href":"https:\/\/www.evearly.news\/fr\/wp-json\/wp\/v2\/comments?post=262200"}],"version-history":[{"count":0,"href":"https:\/\/www.evearly.news\/fr\/wp-json\/wp\/v2\/posts\/262200\/revisions"}],"wp:featuredmedia":[{"embeddable":true,"href":"https:\/\/www.evearly.news\/fr\/wp-json\/wp\/v2\/media\/262201"}],"wp:attachment":[{"href":"https:\/\/www.evearly.news\/fr\/wp-json\/wp\/v2\/media?parent=262200"}],"wp:term":[{"taxonomy":"category","embeddable":true,"href":"https:\/\/www.evearly.news\/fr\/wp-json\/wp\/v2\/categories?post=262200"},{"taxonomy":"post_tag","embeddable":true,"href":"https:\/\/www.evearly.news\/fr\/wp-json\/wp\/v2\/tags?post=262200"}],"curies":[{"name":"wp","href":"https:\/\/api.w.org\/{rel}","templated":true}]}}