{"id":262202,"date":"2023-09-11T19:02:44","date_gmt":"2023-09-11T17:02:44","guid":{"rendered":"https:\/\/www.evearly.news\/fr\/les-incendies-se-multiplient-sur-le-camion-electrique-de-nikola\/"},"modified":"2023-09-11T19:02:44","modified_gmt":"2023-09-11T17:02:44","slug":"les-incendies-se-multiplient-sur-le-camion-electrique-de-nikola","status":"publish","type":"post","link":"https:\/\/www.evearly.news\/fr\/les-incendies-se-multiplient-sur-le-camion-electrique-de-nikola\/","title":{"rendered":"Les incendies se multiplient sur le camion \u00e9lectrique de Nikola"},"content":{"rendered":"<p><img decoding=\"async\" width=\"500\" height=\"333\" src=\"https:\/\/www.evearly.news\/fr\/wp-content\/uploads\/sites\/6\/2023\/09\/les-incendies-se-multiplient-sur-le-camion-electrique-de-nikola.jpg\" class=\"attachment-1200x800 size-1200x800 wp-post-image\" alt=\"\" loading=\"lazy\" srcset=\"https:\/\/www.evearly.news\/fr\/wp-content\/uploads\/sites\/6\/2023\/09\/les-incendies-se-multiplient-sur-le-camion-electrique-de-nikola.jpg 1200w, https:\/\/www.evearly.news\/fr\/wp-content\/uploads\/sites\/6\/2023\/09\/les-incendies-se-multiplient-sur-le-camion-electrique-de-nikola-1.jpg 1024w, https:\/\/www.evearly.news\/fr\/wp-content\/uploads\/sites\/6\/2023\/09\/les-incendies-se-multiplient-sur-le-camion-electrique-de-nikola-2.jpg 140w, https:\/\/www.evearly.news\/fr\/wp-content\/uploads\/sites\/6\/2023\/09\/les-incendies-se-multiplient-sur-le-camion-electrique-de-nikola-3.jpg 768w, https:\/\/www.evearly.news\/fr\/wp-content\/uploads\/sites\/6\/2023\/09\/les-incendies-se-multiplient-sur-le-camion-electrique-de-nikola-4.jpg 620w, https:\/\/www.evearly.news\/fr\/wp-content\/uploads\/sites\/6\/2023\/09\/les-incendies-se-multiplient-sur-le-camion-electrique-de-nikola-5.jpg 100w, https:\/\/www.evearly.news\/fr\/wp-content\/uploads\/sites\/6\/2023\/09\/les-incendies-se-multiplient-sur-le-camion-electrique-de-nikola-6.jpg 190w, https:\/\/cdn.automobile-propre.com\/uploads\/2023\/09\/Nikola-camion-electrique-600x400.jpg 600w\" sizes=\"auto, (max-width: 1200px) 100vw, 1200px\" \/><br \/>\nNikola continue de conna\u00eetre des difficult\u00e9s avec ses camions \u00e9lectriques. De nouveaux incendies ont eu lieu, et la valeur de\u2026 <a onClick='Showbrowser2();' href=\"https:\/\/www.automobile-propre.com\/breves\/les-incendies-se-multiplient-sur-le-camion-electrique-de-nikola\/\" target='bwindow' rel=\"noopener\">Lire la suite&#8230;<\/a><\/p>\n","protected":false},"excerpt":{"rendered":"<p>Nikola continue de conna\u00eetre des difficult\u00e9s avec ses camions \u00e9lectriques. De nouveaux incendies ont eu lieu, et la valeur de\u2026<\/p>\n<p> Lire la suite&#8230;&#8230; <a class=\"continue-reading-link\" href=\"https:\/\/www.evearly.news\/fr\/les-incendies-se-multiplient-sur-le-camion-electrique-de-nikola\/\"><\/a><\/p>\n","protected":false},"author":8,"featured_media":262203,"comment_status":"closed","ping_status":"closed","sticky":false,"template":"Default","format":"standard","meta":{"footnotes":""},"categories":[8],"tags":[],"class_list":["post-262202","post","type-post","status-publish","format-standard","has-post-thumbnail","hentry","category-automobile-propre"],"_links":{"self":[{"href":"https:\/\/www.evearly.news\/fr\/wp-json\/wp\/v2\/posts\/262202","targetHints":{"allow":["GET"]}}],"collection":[{"href":"https:\/\/www.evearly.news\/fr\/wp-json\/wp\/v2\/posts"}],"about":[{"href":"https:\/\/www.evearly.news\/fr\/wp-json\/wp\/v2\/types\/post"}],"author":[{"embeddable":true,"href":"https:\/\/www.evearly.news\/fr\/wp-json\/wp\/v2\/users\/8"}],"replies":[{"embeddable":true,"href":"https:\/\/www.evearly.news\/fr\/wp-json\/wp\/v2\/comments?post=262202"}],"version-history":[{"count":0,"href":"https:\/\/www.evearly.news\/fr\/wp-json\/wp\/v2\/posts\/262202\/revisions"}],"wp:featuredmedia":[{"embeddable":true,"href":"https:\/\/www.evearly.news\/fr\/wp-json\/wp\/v2\/media\/262203"}],"wp:attachment":[{"href":"https:\/\/www.evearly.news\/fr\/wp-json\/wp\/v2\/media?parent=262202"}],"wp:term":[{"taxonomy":"category","embeddable":true,"href":"https:\/\/www.evearly.news\/fr\/wp-json\/wp\/v2\/categories?post=262202"},{"taxonomy":"post_tag","embeddable":true,"href":"https:\/\/www.evearly.news\/fr\/wp-json\/wp\/v2\/tags?post=262202"}],"curies":[{"name":"wp","href":"https:\/\/api.w.org\/{rel}","templated":true}]}}