{"id":262589,"date":"2023-09-16T08:32:19","date_gmt":"2023-09-16T06:32:19","guid":{"rendered":"https:\/\/www.evearly.news\/fr\/essai-citroen-e-c4-puissance-et-autonomie-en-plus-pour-le-suv-compact-electrique\/"},"modified":"2023-09-16T08:32:19","modified_gmt":"2023-09-16T06:32:19","slug":"essai-citroen-e-c4-puissance-et-autonomie-en-plus-pour-le-suv-compact-electrique","status":"publish","type":"post","link":"https:\/\/www.evearly.news\/fr\/essai-citroen-e-c4-puissance-et-autonomie-en-plus-pour-le-suv-compact-electrique\/","title":{"rendered":"Essai Citro\u00ebn \u00eb-C4 : puissance et autonomie en plus pour le SUV compact \u00e9lectrique"},"content":{"rendered":"<p><img decoding=\"async\" width=\"500\" height=\"333\" src=\"https:\/\/www.evearly.news\/fr\/wp-content\/uploads\/sites\/6\/2023\/09\/essai-citroen-e-c4-puissance-et-autonomie-en-plus-pour-le-suv-compact-electrique.jpg\" class=\"attachment-1200x800 size-1200x800 wp-post-image\" alt=\"Citro\u00ebn \u00eb-C4 trois quarts avant\" loading=\"lazy\" srcset=\"https:\/\/www.evearly.news\/fr\/wp-content\/uploads\/sites\/6\/2023\/09\/essai-citroen-e-c4-puissance-et-autonomie-en-plus-pour-le-suv-compact-electrique.jpg 1200w, https:\/\/www.evearly.news\/fr\/wp-content\/uploads\/sites\/6\/2023\/09\/essai-citroen-e-c4-puissance-et-autonomie-en-plus-pour-le-suv-compact-electrique-1.jpg 1024w, https:\/\/www.evearly.news\/fr\/wp-content\/uploads\/sites\/6\/2023\/09\/essai-citroen-e-c4-puissance-et-autonomie-en-plus-pour-le-suv-compact-electrique-2.jpg 140w, https:\/\/www.evearly.news\/fr\/wp-content\/uploads\/sites\/6\/2023\/09\/essai-citroen-e-c4-puissance-et-autonomie-en-plus-pour-le-suv-compact-electrique-3.jpg 768w, https:\/\/www.evearly.news\/fr\/wp-content\/uploads\/sites\/6\/2023\/09\/essai-citroen-e-c4-puissance-et-autonomie-en-plus-pour-le-suv-compact-electrique-4.jpg 620w, https:\/\/www.evearly.news\/fr\/wp-content\/uploads\/sites\/6\/2023\/09\/essai-citroen-e-c4-puissance-et-autonomie-en-plus-pour-le-suv-compact-electrique-5.jpg 100w, https:\/\/www.evearly.news\/fr\/wp-content\/uploads\/sites\/6\/2023\/09\/essai-citroen-e-c4-puissance-et-autonomie-en-plus-pour-le-suv-compact-electrique-6.jpg 190w, https:\/\/www.evearly.news\/fr\/wp-content\/uploads\/sites\/6\/2023\/09\/essai-citroen-e-c4-puissance-et-autonomie-en-plus-pour-le-suv-compact-electrique-7.jpg 600w, https:\/\/cdn.automobile-propre.com\/uploads\/2023\/09\/Citroe\u0308n-e\u0308-C4-115-kW-1.jpg 1500w\" sizes=\"auto, (max-width: 1200px) 100vw, 1200px\" \/><br \/>\nCitro\u00ebn met \u00e0 jour son SUV compact \u00e9lectrique (ou berline rehauss\u00e9e, au choix). Nouvelle motorisation et autonomie suppl\u00e9mentaire sont donc\u2026 <a onClick='Showbrowser2();' href=\"https:\/\/www.automobile-propre.com\/essai-citroen-e-c4-puissance-et-autonomie-en-plus-pour-le-suv-compact-electrique\/\" target='bwindow' rel=\"noopener\">Lire la suite&#8230;<\/a><\/p>\n","protected":false},"excerpt":{"rendered":"<p>Citro\u00ebn met \u00e0 jour son SUV compact \u00e9lectrique (ou berline rehauss\u00e9e, au choix). Nouvelle motorisation et autonomie suppl\u00e9mentaire sont donc\u2026<\/p>\n<p> Lire la suite&#8230;&#8230; <a class=\"continue-reading-link\" href=\"https:\/\/www.evearly.news\/fr\/essai-citroen-e-c4-puissance-et-autonomie-en-plus-pour-le-suv-compact-electrique\/\"><\/a><\/p>\n","protected":false},"author":8,"featured_media":262590,"comment_status":"closed","ping_status":"closed","sticky":false,"template":"Default","format":"standard","meta":{"footnotes":""},"categories":[8],"tags":[],"class_list":["post-262589","post","type-post","status-publish","format-standard","has-post-thumbnail","hentry","category-automobile-propre"],"_links":{"self":[{"href":"https:\/\/www.evearly.news\/fr\/wp-json\/wp\/v2\/posts\/262589","targetHints":{"allow":["GET"]}}],"collection":[{"href":"https:\/\/www.evearly.news\/fr\/wp-json\/wp\/v2\/posts"}],"about":[{"href":"https:\/\/www.evearly.news\/fr\/wp-json\/wp\/v2\/types\/post"}],"author":[{"embeddable":true,"href":"https:\/\/www.evearly.news\/fr\/wp-json\/wp\/v2\/users\/8"}],"replies":[{"embeddable":true,"href":"https:\/\/www.evearly.news\/fr\/wp-json\/wp\/v2\/comments?post=262589"}],"version-history":[{"count":0,"href":"https:\/\/www.evearly.news\/fr\/wp-json\/wp\/v2\/posts\/262589\/revisions"}],"wp:featuredmedia":[{"embeddable":true,"href":"https:\/\/www.evearly.news\/fr\/wp-json\/wp\/v2\/media\/262590"}],"wp:attachment":[{"href":"https:\/\/www.evearly.news\/fr\/wp-json\/wp\/v2\/media?parent=262589"}],"wp:term":[{"taxonomy":"category","embeddable":true,"href":"https:\/\/www.evearly.news\/fr\/wp-json\/wp\/v2\/categories?post=262589"},{"taxonomy":"post_tag","embeddable":true,"href":"https:\/\/www.evearly.news\/fr\/wp-json\/wp\/v2\/tags?post=262589"}],"curies":[{"name":"wp","href":"https:\/\/api.w.org\/{rel}","templated":true}]}}