{"id":262788,"date":"2023-09-19T12:00:42","date_gmt":"2023-09-19T10:00:42","guid":{"rendered":"https:\/\/www.evearly.news\/fr\/ces-10-voitures-electriques-sont-parmi-les-meilleures-et-ce-ne-sont-pas-des-suv\/"},"modified":"2023-09-19T12:00:42","modified_gmt":"2023-09-19T10:00:42","slug":"ces-10-voitures-electriques-sont-parmi-les-meilleures-et-ce-ne-sont-pas-des-suv","status":"publish","type":"post","link":"https:\/\/www.evearly.news\/fr\/ces-10-voitures-electriques-sont-parmi-les-meilleures-et-ce-ne-sont-pas-des-suv\/","title":{"rendered":"Ces 10 voitures \u00e9lectriques sont parmi les meilleures, et ce ne sont pas des SUV"},"content":{"rendered":"<p><img loading=\"lazy\" decoding=\"async\" width=\"500\" height=\"333\" src=\"https:\/\/www.evearly.news\/fr\/wp-content\/uploads\/sites\/6\/2023\/09\/ces-10-voitures-electriques-sont-parmi-les-meilleures-et-ce-ne-sont-pas-des-suv.jpg\" class=\"attachment-1200x800 size-1200x800 wp-post-image\" alt=\"BYD Seal Europe (2023)\" srcset=\"https:\/\/www.evearly.news\/fr\/wp-content\/uploads\/sites\/6\/2023\/09\/ces-10-voitures-electriques-sont-parmi-les-meilleures-et-ce-ne-sont-pas-des-suv.jpg 1200w, https:\/\/www.evearly.news\/fr\/wp-content\/uploads\/sites\/6\/2023\/09\/ces-10-voitures-electriques-sont-parmi-les-meilleures-et-ce-ne-sont-pas-des-suv-1.jpg 1024w, https:\/\/www.evearly.news\/fr\/wp-content\/uploads\/sites\/6\/2023\/09\/ces-10-voitures-electriques-sont-parmi-les-meilleures-et-ce-ne-sont-pas-des-suv-2.jpg 140w, https:\/\/www.evearly.news\/fr\/wp-content\/uploads\/sites\/6\/2023\/09\/ces-10-voitures-electriques-sont-parmi-les-meilleures-et-ce-ne-sont-pas-des-suv-3.jpg 768w, https:\/\/www.evearly.news\/fr\/wp-content\/uploads\/sites\/6\/2023\/09\/ces-10-voitures-electriques-sont-parmi-les-meilleures-et-ce-ne-sont-pas-des-suv-4.jpg 1536w, https:\/\/www.evearly.news\/fr\/wp-content\/uploads\/sites\/6\/2023\/09\/ces-10-voitures-electriques-sont-parmi-les-meilleures-et-ce-ne-sont-pas-des-suv-5.jpg 620w, https:\/\/www.evearly.news\/fr\/wp-content\/uploads\/sites\/6\/2023\/09\/ces-10-voitures-electriques-sont-parmi-les-meilleures-et-ce-ne-sont-pas-des-suv-6.jpg 100w, https:\/\/www.evearly.news\/fr\/wp-content\/uploads\/sites\/6\/2023\/09\/ces-10-voitures-electriques-sont-parmi-les-meilleures-et-ce-ne-sont-pas-des-suv-7.jpg 190w, https:\/\/www.evearly.news\/fr\/wp-content\/uploads\/sites\/6\/2023\/09\/ces-10-voitures-electriques-sont-parmi-les-meilleures-et-ce-ne-sont-pas-des-suv-8.jpg 600w, https:\/\/cdn.automobile-propre.com\/uploads\/2023\/04\/2023_BYD-Seal-EU_11.jpg 1600w\" sizes=\"auto, (max-width: 1200px) 100vw, 1200px\" \/><br \/>\nLe march\u00e9 de la voiture est squatt\u00e9 par les SUV ? Peut-\u00eatre. Mais il existe pourtant une offre diff\u00e9rente, diverse et pour tous les usages. <a onClick='Showbrowser2();' href=\"https:\/\/www.automobile-propre.com\/voici-les-10-meilleures-voitures-electriques-est-ce-le-moment-de-craquer\/\" target='bwindow' rel=\"noopener\">Lire la suite&#8230;<\/a><\/p>\n","protected":false},"excerpt":{"rendered":"<p>Le march\u00e9 de la voiture est squatt\u00e9 par les SUV ? Peut-\u00eatre. Mais il existe pourtant une offre diff\u00e9rente, diverse et pour tous les usages.<\/p>\n<p> Lire la suite&#8230;&#8230; <a class=\"continue-reading-link\" href=\"https:\/\/www.evearly.news\/fr\/ces-10-voitures-electriques-sont-parmi-les-meilleures-et-ce-ne-sont-pas-des-suv\/\"><\/a><\/p>\n","protected":false},"author":8,"featured_media":262789,"comment_status":"closed","ping_status":"closed","sticky":false,"template":"Default","format":"standard","meta":{"footnotes":""},"categories":[8],"tags":[],"class_list":["post-262788","post","type-post","status-publish","format-standard","has-post-thumbnail","hentry","category-automobile-propre"],"_links":{"self":[{"href":"https:\/\/www.evearly.news\/fr\/wp-json\/wp\/v2\/posts\/262788","targetHints":{"allow":["GET"]}}],"collection":[{"href":"https:\/\/www.evearly.news\/fr\/wp-json\/wp\/v2\/posts"}],"about":[{"href":"https:\/\/www.evearly.news\/fr\/wp-json\/wp\/v2\/types\/post"}],"author":[{"embeddable":true,"href":"https:\/\/www.evearly.news\/fr\/wp-json\/wp\/v2\/users\/8"}],"replies":[{"embeddable":true,"href":"https:\/\/www.evearly.news\/fr\/wp-json\/wp\/v2\/comments?post=262788"}],"version-history":[{"count":0,"href":"https:\/\/www.evearly.news\/fr\/wp-json\/wp\/v2\/posts\/262788\/revisions"}],"wp:featuredmedia":[{"embeddable":true,"href":"https:\/\/www.evearly.news\/fr\/wp-json\/wp\/v2\/media\/262789"}],"wp:attachment":[{"href":"https:\/\/www.evearly.news\/fr\/wp-json\/wp\/v2\/media?parent=262788"}],"wp:term":[{"taxonomy":"category","embeddable":true,"href":"https:\/\/www.evearly.news\/fr\/wp-json\/wp\/v2\/categories?post=262788"},{"taxonomy":"post_tag","embeddable":true,"href":"https:\/\/www.evearly.news\/fr\/wp-json\/wp\/v2\/tags?post=262788"}],"curies":[{"name":"wp","href":"https:\/\/api.w.org\/{rel}","templated":true}]}}