{"id":262790,"date":"2023-09-19T13:30:03","date_gmt":"2023-09-19T11:30:03","guid":{"rendered":"https:\/\/www.evearly.news\/fr\/la-voiture-electrique-sest-vite-imposee-en-vehicule-principal-des-foyers\/"},"modified":"2023-09-19T13:30:03","modified_gmt":"2023-09-19T11:30:03","slug":"la-voiture-electrique-sest-vite-imposee-en-vehicule-principal-des-foyers","status":"publish","type":"post","link":"https:\/\/www.evearly.news\/fr\/la-voiture-electrique-sest-vite-imposee-en-vehicule-principal-des-foyers\/","title":{"rendered":"La voiture \u00e9lectrique s\u2019est vite impos\u00e9e en v\u00e9hicule principal des foyers"},"content":{"rendered":"<p><img decoding=\"async\" width=\"500\" height=\"333\" src=\"https:\/\/www.evearly.news\/fr\/wp-content\/uploads\/sites\/6\/2023\/09\/la-voiture-electrique-sest-vite-imposee-en-vehicule-principal-des-foyers.jpg\" class=\"attachment-1200x800 size-1200x800 wp-post-image\" alt=\"\" loading=\"lazy\" srcset=\"https:\/\/www.evearly.news\/fr\/wp-content\/uploads\/sites\/6\/2023\/09\/la-voiture-electrique-sest-vite-imposee-en-vehicule-principal-des-foyers.jpg 1200w, https:\/\/www.evearly.news\/fr\/wp-content\/uploads\/sites\/6\/2023\/09\/la-voiture-electrique-sest-vite-imposee-en-vehicule-principal-des-foyers-1.jpg 1024w, https:\/\/www.evearly.news\/fr\/wp-content\/uploads\/sites\/6\/2023\/09\/la-voiture-electrique-sest-vite-imposee-en-vehicule-principal-des-foyers-2.jpg 140w, https:\/\/www.evearly.news\/fr\/wp-content\/uploads\/sites\/6\/2023\/09\/la-voiture-electrique-sest-vite-imposee-en-vehicule-principal-des-foyers-3.jpg 768w, https:\/\/www.evearly.news\/fr\/wp-content\/uploads\/sites\/6\/2023\/09\/la-voiture-electrique-sest-vite-imposee-en-vehicule-principal-des-foyers-4.jpg 620w, https:\/\/www.evearly.news\/fr\/wp-content\/uploads\/sites\/6\/2023\/09\/la-voiture-electrique-sest-vite-imposee-en-vehicule-principal-des-foyers-5.jpg 100w, https:\/\/www.evearly.news\/fr\/wp-content\/uploads\/sites\/6\/2023\/09\/la-voiture-electrique-sest-vite-imposee-en-vehicule-principal-des-foyers-6.jpg 190w, https:\/\/www.evearly.news\/fr\/wp-content\/uploads\/sites\/6\/2023\/09\/la-voiture-electrique-sest-vite-imposee-en-vehicule-principal-des-foyers-7.jpg 600w, https:\/\/cdn.automobile-propre.com\/uploads\/2023\/09\/New600eRED.jpg 1500w\" sizes=\"auto, (max-width: 1200px) 100vw, 1200px\" \/><br \/>\nPour pr\u00e8s de 9 possesseurs sur 10 d&rsquo;une voiture \u00e9lectrique, cette derni\u00e8re est le v\u00e9hicule principal du m\u00e9nage. D&rsquo;ailleurs, le\u2026 <a onClick='Showbrowser2();' href=\"https:\/\/www.automobile-propre.com\/la-voiture-electrique-sest-vite-imposee-en-vehicule-principal-des-foyers\/\" target='bwindow' rel=\"noopener\">Lire la suite&#8230;<\/a><\/p>\n","protected":false},"excerpt":{"rendered":"<p>Pour pr\u00e8s de 9 possesseurs sur 10 d&rsquo;une voiture \u00e9lectrique, cette derni\u00e8re est le v\u00e9hicule principal du m\u00e9nage. D&rsquo;ailleurs, le\u2026<\/p>\n<p> Lire la suite&#8230;&#8230; <a class=\"continue-reading-link\" href=\"https:\/\/www.evearly.news\/fr\/la-voiture-electrique-sest-vite-imposee-en-vehicule-principal-des-foyers\/\"><\/a><\/p>\n","protected":false},"author":8,"featured_media":262791,"comment_status":"closed","ping_status":"closed","sticky":false,"template":"Default","format":"standard","meta":{"footnotes":""},"categories":[8],"tags":[],"class_list":["post-262790","post","type-post","status-publish","format-standard","has-post-thumbnail","hentry","category-automobile-propre"],"_links":{"self":[{"href":"https:\/\/www.evearly.news\/fr\/wp-json\/wp\/v2\/posts\/262790","targetHints":{"allow":["GET"]}}],"collection":[{"href":"https:\/\/www.evearly.news\/fr\/wp-json\/wp\/v2\/posts"}],"about":[{"href":"https:\/\/www.evearly.news\/fr\/wp-json\/wp\/v2\/types\/post"}],"author":[{"embeddable":true,"href":"https:\/\/www.evearly.news\/fr\/wp-json\/wp\/v2\/users\/8"}],"replies":[{"embeddable":true,"href":"https:\/\/www.evearly.news\/fr\/wp-json\/wp\/v2\/comments?post=262790"}],"version-history":[{"count":0,"href":"https:\/\/www.evearly.news\/fr\/wp-json\/wp\/v2\/posts\/262790\/revisions"}],"wp:featuredmedia":[{"embeddable":true,"href":"https:\/\/www.evearly.news\/fr\/wp-json\/wp\/v2\/media\/262791"}],"wp:attachment":[{"href":"https:\/\/www.evearly.news\/fr\/wp-json\/wp\/v2\/media?parent=262790"}],"wp:term":[{"taxonomy":"category","embeddable":true,"href":"https:\/\/www.evearly.news\/fr\/wp-json\/wp\/v2\/categories?post=262790"},{"taxonomy":"post_tag","embeddable":true,"href":"https:\/\/www.evearly.news\/fr\/wp-json\/wp\/v2\/tags?post=262790"}],"curies":[{"name":"wp","href":"https:\/\/api.w.org\/{rel}","templated":true}]}}