{"id":262794,"date":"2023-09-19T15:01:54","date_gmt":"2023-09-19T13:01:54","guid":{"rendered":"https:\/\/www.evearly.news\/fr\/tesla-depasse-les-cinq-millions-de-voitures-electriques-produites\/"},"modified":"2023-09-19T15:01:54","modified_gmt":"2023-09-19T13:01:54","slug":"tesla-depasse-les-cinq-millions-de-voitures-electriques-produites","status":"publish","type":"post","link":"https:\/\/www.evearly.news\/fr\/tesla-depasse-les-cinq-millions-de-voitures-electriques-produites\/","title":{"rendered":"Tesla d\u00e9passe les cinq millions de voitures \u00e9lectriques produites"},"content":{"rendered":"<p><img loading=\"lazy\" decoding=\"async\" width=\"500\" height=\"333\" src=\"https:\/\/www.evearly.news\/fr\/wp-content\/uploads\/sites\/6\/2023\/09\/tesla-depasse-les-cinq-millions-de-voitures-electriques-produites.jpg\" class=\"attachment-1200x800 size-1200x800 wp-post-image\" alt=\"\" srcset=\"https:\/\/www.evearly.news\/fr\/wp-content\/uploads\/sites\/6\/2023\/09\/tesla-depasse-les-cinq-millions-de-voitures-electriques-produites.jpg 1200w, https:\/\/www.evearly.news\/fr\/wp-content\/uploads\/sites\/6\/2023\/09\/tesla-depasse-les-cinq-millions-de-voitures-electriques-produites-1.jpg 1024w, https:\/\/www.evearly.news\/fr\/wp-content\/uploads\/sites\/6\/2023\/09\/tesla-depasse-les-cinq-millions-de-voitures-electriques-produites-2.jpg 768w, https:\/\/cdn.automobile-propre.com\/uploads\/2023\/02\/Tesla-Gigafactory-2-New-York-620x349.jpg 620w\" sizes=\"auto, (max-width: 1200px) 100vw, 1200px\" \/><br \/>\nTesla a franchi le cap de production de cinq millions de v\u00e9hicules \u00e9lectriques. La firme a impressionn\u00e9 par l&rsquo;acc\u00e9l\u00e9ration de sa fabrication ces derni\u00e8res ann\u00e9es. <a onClick='Showbrowser2();' href=\"https:\/\/www.automobile-propre.com\/breves\/tesla-depasse-les-cinq-millions-de-voitures-electriques-produites\/\" target='bwindow' rel=\"noopener\">Lire la suite&#8230;<\/a><\/p>\n","protected":false},"excerpt":{"rendered":"<p>Tesla a franchi le cap de production de cinq millions de v\u00e9hicules \u00e9lectriques. La firme a impressionn\u00e9 par l&rsquo;acc\u00e9l\u00e9ration de sa fabrication ces derni\u00e8res ann\u00e9es.<\/p>\n<p> Lire la suite&#8230;&#8230; <a class=\"continue-reading-link\" href=\"https:\/\/www.evearly.news\/fr\/tesla-depasse-les-cinq-millions-de-voitures-electriques-produites\/\"><\/a><\/p>\n","protected":false},"author":8,"featured_media":262795,"comment_status":"closed","ping_status":"closed","sticky":false,"template":"Default","format":"standard","meta":{"footnotes":""},"categories":[8],"tags":[],"class_list":["post-262794","post","type-post","status-publish","format-standard","has-post-thumbnail","hentry","category-automobile-propre"],"_links":{"self":[{"href":"https:\/\/www.evearly.news\/fr\/wp-json\/wp\/v2\/posts\/262794","targetHints":{"allow":["GET"]}}],"collection":[{"href":"https:\/\/www.evearly.news\/fr\/wp-json\/wp\/v2\/posts"}],"about":[{"href":"https:\/\/www.evearly.news\/fr\/wp-json\/wp\/v2\/types\/post"}],"author":[{"embeddable":true,"href":"https:\/\/www.evearly.news\/fr\/wp-json\/wp\/v2\/users\/8"}],"replies":[{"embeddable":true,"href":"https:\/\/www.evearly.news\/fr\/wp-json\/wp\/v2\/comments?post=262794"}],"version-history":[{"count":0,"href":"https:\/\/www.evearly.news\/fr\/wp-json\/wp\/v2\/posts\/262794\/revisions"}],"wp:featuredmedia":[{"embeddable":true,"href":"https:\/\/www.evearly.news\/fr\/wp-json\/wp\/v2\/media\/262795"}],"wp:attachment":[{"href":"https:\/\/www.evearly.news\/fr\/wp-json\/wp\/v2\/media?parent=262794"}],"wp:term":[{"taxonomy":"category","embeddable":true,"href":"https:\/\/www.evearly.news\/fr\/wp-json\/wp\/v2\/categories?post=262794"},{"taxonomy":"post_tag","embeddable":true,"href":"https:\/\/www.evearly.news\/fr\/wp-json\/wp\/v2\/tags?post=262794"}],"curies":[{"name":"wp","href":"https:\/\/api.w.org\/{rel}","templated":true}]}}