{"id":262796,"date":"2023-09-19T15:21:05","date_gmt":"2023-09-19T13:21:05","guid":{"rendered":"https:\/\/www.evearly.news\/fr\/riviera-electric-challenge-2023-un-succes-pour-lavem\/"},"modified":"2023-09-19T15:21:05","modified_gmt":"2023-09-19T13:21:05","slug":"riviera-electric-challenge-2023-un-succes-pour-lavem","status":"publish","type":"post","link":"https:\/\/www.evearly.news\/fr\/riviera-electric-challenge-2023-un-succes-pour-lavem\/","title":{"rendered":"Riviera Electric Challenge 2023 : un succ\u00e8s pour l\u2019AVEM"},"content":{"rendered":"<p><img width=\"1000\" height=\"563\" src=\"https:\/\/www.evearly.news\/fr\/wp-content\/uploads\/sites\/6\/2023\/09\/riviera-electric-challenge-2023-un-succes-pour-lavem.png\" class=\"attachment-post-thumbnail size-post-thumbnail wp-post-image\" alt=\"Riviera Electric Challenge 2023\" decoding=\"async\" loading=\"lazy\" srcset=\"https:\/\/www.evearly.news\/fr\/wp-content\/uploads\/sites\/6\/2023\/09\/riviera-electric-challenge-2023-un-succes-pour-lavem.png 1000w, https:\/\/www.evearly.news\/fr\/wp-content\/uploads\/sites\/6\/2023\/09\/riviera-electric-challenge-2023-un-succes-pour-lavem-1.png 300w, https:\/\/www.evearly.news\/fr\/wp-content\/uploads\/sites\/6\/2023\/09\/riviera-electric-challenge-2023-un-succes-pour-lavem-2.png 998w, https:\/\/www.avem.fr\/wp-content\/uploads\/2023\/09\/Visuel-pour-article-1-1-768x432.png 768w\" sizes=\"auto, (max-width: 1000px) 100vw, 1000px\" \/>Le Riviera Electric Challenge s\u2019est tenu les 13 et 14 septembre 2023 sur les routes des Alpes-Maritimes, d\u2019Italie et de la Principaut\u00e9 de Monaco. Une comp\u00e9tition exceptionnelle pour les 26 voitures engag\u00e9es et 48 heures fortes en \u00e9motions, durant lesquelles les \u00e9quipages ont montr\u00e9 des performances de haut niveau. Un [\u2026] <a href=\"https:\/\/www.avem.fr\/2023\/09\/19\/riviera-electric-challenge-2023-un-succes-pour-lavem\/\" target=\"blank\" rel=\"noopener\">Lire la suite&#8230;<\/a><\/p>\n","protected":false},"excerpt":{"rendered":"<p><img decoding=\"async\" width=\"1000\" height=\"563\" src=\"https:\/\/www.evearly.news\/fr\/wp-content\/uploads\/sites\/6\/2023\/09\/riviera-electric-challenge-2023-un-succes-pour-lavem.png\" class=\"attachment-post-thumbnail size-post-thumbnail wp-post-image\" alt=\"Riviera Electric Challenge 2023\" loading=\"lazy\" \/>Le Riviera Electric Challenge s\u2019est tenu les 13 et 14 septembre 2023 sur les routes des Alpes-Maritimes, d\u2019Italie et de la Principaut\u00e9 de Monaco. Une comp\u00e9tition exceptionnelle pour les 26 voitures engag\u00e9es et 48 heures fortes en \u00e9motions, durant lesquelles les \u00e9quipages ont montr\u00e9 des performances de haut niveau. Un [\u2026] <a class=\"continue-reading-link\" href=\"https:\/\/www.evearly.news\/fr\/riviera-electric-challenge-2023-un-succes-pour-lavem\/\"><\/a><\/p>\n","protected":false},"author":3,"featured_media":262797,"comment_status":"closed","ping_status":"closed","sticky":false,"template":"Default","format":"standard","meta":{"footnotes":""},"categories":[3],"tags":[],"class_list":["post-262796","post","type-post","status-publish","format-standard","has-post-thumbnail","hentry","category-avem"],"_links":{"self":[{"href":"https:\/\/www.evearly.news\/fr\/wp-json\/wp\/v2\/posts\/262796","targetHints":{"allow":["GET"]}}],"collection":[{"href":"https:\/\/www.evearly.news\/fr\/wp-json\/wp\/v2\/posts"}],"about":[{"href":"https:\/\/www.evearly.news\/fr\/wp-json\/wp\/v2\/types\/post"}],"author":[{"embeddable":true,"href":"https:\/\/www.evearly.news\/fr\/wp-json\/wp\/v2\/users\/3"}],"replies":[{"embeddable":true,"href":"https:\/\/www.evearly.news\/fr\/wp-json\/wp\/v2\/comments?post=262796"}],"version-history":[{"count":0,"href":"https:\/\/www.evearly.news\/fr\/wp-json\/wp\/v2\/posts\/262796\/revisions"}],"wp:featuredmedia":[{"embeddable":true,"href":"https:\/\/www.evearly.news\/fr\/wp-json\/wp\/v2\/media\/262797"}],"wp:attachment":[{"href":"https:\/\/www.evearly.news\/fr\/wp-json\/wp\/v2\/media?parent=262796"}],"wp:term":[{"taxonomy":"category","embeddable":true,"href":"https:\/\/www.evearly.news\/fr\/wp-json\/wp\/v2\/categories?post=262796"},{"taxonomy":"post_tag","embeddable":true,"href":"https:\/\/www.evearly.news\/fr\/wp-json\/wp\/v2\/tags?post=262796"}],"curies":[{"name":"wp","href":"https:\/\/api.w.org\/{rel}","templated":true}]}}