{"id":262808,"date":"2023-09-19T12:25:00","date_gmt":"2023-09-19T10:25:00","guid":{"rendered":"https:\/\/www.evearly.news\/fr\/bmw-pret-pour-la-rupture-avec-ses-futures-berlines-electriques\/"},"modified":"2023-09-19T12:25:00","modified_gmt":"2023-09-19T10:25:00","slug":"bmw-pret-pour-la-rupture-avec-ses-futures-berlines-electriques","status":"publish","type":"post","link":"https:\/\/www.evearly.news\/fr\/bmw-pret-pour-la-rupture-avec-ses-futures-berlines-electriques\/","title":{"rendered":"BMW pr\u00eat pour la rupture avec ses futures berlines \u00e9lectriques"},"content":{"rendered":"<div class=\"media_block\"><img decoding=\"async\" src=\"https:\/\/www.evearly.news\/fr\/wp-content\/uploads\/sites\/6\/2023\/09\/bmw-pret-pour-la-rupture-avec-ses-futures-berlines-electriques.jpg\"><\/div>\n<p>Depuis quelques ann\u00e9es, BMW explore de nouveaux territoires stylistiques sans forc\u00e9ment chercher la coh\u00e9rence. A Munich, le concept Vision Neue Klasse a tent\u00e9 de remettre un peu d\u2019ordre pour montrer \u00e0 quoi ressembleront les mod\u00e8les \u00e0 l\u2019h\u00e9lice \u00e0 la fin de cette d\u00e9cennie. Nous avons retenu les trois points essentiels. <a onClick='Showbrowser2();' href=\"https:\/\/www.automobile-magazine.fr\/toute-l-actualite\/article\/40131-pourquoi-les-futures-bmw-pourraient-vous-surprendre\" target='bwindow' rel=\"noopener\">Lire la suite&#8230;<\/a><\/p>\n","protected":false},"excerpt":{"rendered":"<div class=\"media_block\"><img decoding=\"async\" src=\"https:\/\/www.evearly.news\/fr\/wp-content\/uploads\/sites\/6\/2023\/09\/bmw-pret-pour-la-rupture-avec-ses-futures-berlines-electriques.jpg\"><\/div>\n<p> <a class=\"continue-reading-link\" href=\"https:\/\/www.evearly.news\/fr\/bmw-pret-pour-la-rupture-avec-ses-futures-berlines-electriques\/\"><\/a><\/p>\n","protected":false},"author":7,"featured_media":262809,"comment_status":"closed","ping_status":"closed","sticky":false,"template":"Default","format":"standard","meta":{"footnotes":""},"categories":[7],"tags":[],"class_list":["post-262808","post","type-post","status-publish","format-standard","has-post-thumbnail","hentry","category-automobile-magazine"],"_links":{"self":[{"href":"https:\/\/www.evearly.news\/fr\/wp-json\/wp\/v2\/posts\/262808","targetHints":{"allow":["GET"]}}],"collection":[{"href":"https:\/\/www.evearly.news\/fr\/wp-json\/wp\/v2\/posts"}],"about":[{"href":"https:\/\/www.evearly.news\/fr\/wp-json\/wp\/v2\/types\/post"}],"author":[{"embeddable":true,"href":"https:\/\/www.evearly.news\/fr\/wp-json\/wp\/v2\/users\/7"}],"replies":[{"embeddable":true,"href":"https:\/\/www.evearly.news\/fr\/wp-json\/wp\/v2\/comments?post=262808"}],"version-history":[{"count":0,"href":"https:\/\/www.evearly.news\/fr\/wp-json\/wp\/v2\/posts\/262808\/revisions"}],"wp:featuredmedia":[{"embeddable":true,"href":"https:\/\/www.evearly.news\/fr\/wp-json\/wp\/v2\/media\/262809"}],"wp:attachment":[{"href":"https:\/\/www.evearly.news\/fr\/wp-json\/wp\/v2\/media?parent=262808"}],"wp:term":[{"taxonomy":"category","embeddable":true,"href":"https:\/\/www.evearly.news\/fr\/wp-json\/wp\/v2\/categories?post=262808"},{"taxonomy":"post_tag","embeddable":true,"href":"https:\/\/www.evearly.news\/fr\/wp-json\/wp\/v2\/tags?post=262808"}],"curies":[{"name":"wp","href":"https:\/\/api.w.org\/{rel}","templated":true}]}}