{"id":262816,"date":"2023-09-19T14:44:47","date_gmt":"2023-09-19T12:44:47","guid":{"rendered":"https:\/\/www.evearly.news\/fr\/voiture-electrique-doccasion-la-capacite-batterie-reelle-reste-un-probleme\/"},"modified":"2023-09-19T14:44:47","modified_gmt":"2023-09-19T12:44:47","slug":"voiture-electrique-doccasion-la-capacite-batterie-reelle-reste-un-probleme","status":"publish","type":"post","link":"https:\/\/www.evearly.news\/fr\/voiture-electrique-doccasion-la-capacite-batterie-reelle-reste-un-probleme\/","title":{"rendered":"Voiture \u00e9lectrique d\u2019occasion\u00a0: la capacit\u00e9 batterie r\u00e9elle reste un probl\u00e8me"},"content":{"rendered":"<p><img width=\"1400\" height=\"932\" src=\"https:\/\/www.evearly.news\/fr\/wp-content\/uploads\/sites\/6\/2023\/09\/voiture-electrique-doccasion-la-capacite-batterie-reelle-reste-un-probleme.jpg\" class=\"attachment-full size-full wp-post-image\" alt=\"Citro\u00ebn \u00eb-C3\" decoding=\"async\" loading=\"lazy\" srcset=\"https:\/\/www.evearly.news\/fr\/wp-content\/uploads\/sites\/6\/2023\/09\/voiture-electrique-doccasion-la-capacite-batterie-reelle-reste-un-probleme.jpg 1400w, https:\/\/www.evearly.news\/fr\/wp-content\/uploads\/sites\/6\/2023\/09\/voiture-electrique-doccasion-la-capacite-batterie-reelle-reste-un-probleme-1.jpg 505w, https:\/\/www.evearly.news\/fr\/wp-content\/uploads\/sites\/6\/2023\/09\/voiture-electrique-doccasion-la-capacite-batterie-reelle-reste-un-probleme-2.jpg 1024w, https:\/\/www.presse-citron.net\/app\/uploads\/2023\/06\/citroen-e-c3-inde-2023-mecanique-mk-bd-50x33.jpg 50w\" sizes=\"auto, (max-width: 1400px) 100vw, 1400px\"><\/p>\n<p>La capacit\u00e9 maximale de la batterie des voitures \u00e9lectriques diminue avec le temps. D\u00e9couvrez quel est le pourcentage moyen annuel de cette d\u00e9gradation et comment cela peut se traduire en termes d&rsquo;autonomie.<a onClick='Showbrowser2();' href=\"https:\/\/www.presse-citron.net\/voiture-electrique-doccasion-la-capacite-batterie-reelle-reste-un-probleme\/\" target='bwindow' rel=\"noopener\"> Lire la suite&#8230;<\/a><\/p>\n","protected":false},"excerpt":{"rendered":"<p>La capacit\u00e9 maximale de la batterie des voitures \u00e9lectriques diminue avec le temps. D\u00e9couvrez quel est le pourcentage moyen annuel de cette d\u00e9gradation et comment cela peut se traduire en termes d&rsquo;autonomie&#8230;. <a class=\"continue-reading-link\" href=\"https:\/\/www.evearly.news\/fr\/voiture-electrique-doccasion-la-capacite-batterie-reelle-reste-un-probleme\/\"><\/a><\/p>\n","protected":false},"author":18,"featured_media":262817,"comment_status":"closed","ping_status":"closed","sticky":false,"template":"Default","format":"standard","meta":{"footnotes":""},"categories":[19],"tags":[],"class_list":["post-262816","post","type-post","status-publish","format-standard","has-post-thumbnail","hentry","category-presse-citron"],"_links":{"self":[{"href":"https:\/\/www.evearly.news\/fr\/wp-json\/wp\/v2\/posts\/262816","targetHints":{"allow":["GET"]}}],"collection":[{"href":"https:\/\/www.evearly.news\/fr\/wp-json\/wp\/v2\/posts"}],"about":[{"href":"https:\/\/www.evearly.news\/fr\/wp-json\/wp\/v2\/types\/post"}],"author":[{"embeddable":true,"href":"https:\/\/www.evearly.news\/fr\/wp-json\/wp\/v2\/users\/18"}],"replies":[{"embeddable":true,"href":"https:\/\/www.evearly.news\/fr\/wp-json\/wp\/v2\/comments?post=262816"}],"version-history":[{"count":0,"href":"https:\/\/www.evearly.news\/fr\/wp-json\/wp\/v2\/posts\/262816\/revisions"}],"wp:featuredmedia":[{"embeddable":true,"href":"https:\/\/www.evearly.news\/fr\/wp-json\/wp\/v2\/media\/262817"}],"wp:attachment":[{"href":"https:\/\/www.evearly.news\/fr\/wp-json\/wp\/v2\/media?parent=262816"}],"wp:term":[{"taxonomy":"category","embeddable":true,"href":"https:\/\/www.evearly.news\/fr\/wp-json\/wp\/v2\/categories?post=262816"},{"taxonomy":"post_tag","embeddable":true,"href":"https:\/\/www.evearly.news\/fr\/wp-json\/wp\/v2\/tags?post=262816"}],"curies":[{"name":"wp","href":"https:\/\/api.w.org\/{rel}","templated":true}]}}