{"id":262907,"date":"2023-09-19T16:00:00","date_gmt":"2023-09-19T14:00:00","guid":{"rendered":"https:\/\/www.evearly.news\/fr\/kia-ev9-une-nouvelle-entree-de-gamme-pour-baisser-son-prix\/"},"modified":"2023-09-19T16:00:00","modified_gmt":"2023-09-19T14:00:00","slug":"kia-ev9-une-nouvelle-entree-de-gamme-pour-baisser-son-prix","status":"publish","type":"post","link":"https:\/\/www.evearly.news\/fr\/kia-ev9-une-nouvelle-entree-de-gamme-pour-baisser-son-prix\/","title":{"rendered":"Kia EV9 : une nouvelle entr\u00e9e de gamme pour baisser son prix"},"content":{"rendered":"<p><img decoding=\"async\" src=\"https:\/\/www.evearly.news\/fr\/wp-content\/uploads\/sites\/6\/2023\/09\/kia-ev9-une-nouvelle-entree-de-gamme-pour-baisser-son-prix.webp\" alt=\"auto-moto\"><br \/>Kia ajoute une nouvelle finition d\u2019entr\u00e9e de gamme \u00e0 son grand SUV \u00e9lectrique, ce qui lui permet de faire baisser sa facture. Il d\u00e9bute \u00e0 73 000 \u20ac d\u00e9sormais, soit une baisse de 5 000 \u20ac. <a href=\"https:\/\/www.auto-moto.com\/prix-du-neuf\/kia-ev9--une-nouvelle-entree-de-gamme-pour-baisser-son-prix-24599\" target=\"blank\" rel=\"noopener\">Lire la suite&#8230;<\/a><\/p>\n","protected":false},"excerpt":{"rendered":"<p>Kia ajoute une nouvelle finition d\u2019entr\u00e9e de gamme \u00e0 son grand SUV \u00e9lectrique, ce qui lui permet de faire baisser sa facture. Il d\u00e9bute \u00e0 73 000 \u20ac d\u00e9sormais, soit une baisse de 5 000 \u20ac&#8230;. <a class=\"continue-reading-link\" href=\"https:\/\/www.evearly.news\/fr\/kia-ev9-une-nouvelle-entree-de-gamme-pour-baisser-son-prix\/\"><\/a><\/p>\n","protected":false},"author":9,"featured_media":262908,"comment_status":"closed","ping_status":"closed","sticky":false,"template":"Default","format":"standard","meta":{"footnotes":""},"categories":[10],"tags":[],"class_list":["post-262907","post","type-post","status-publish","format-standard","has-post-thumbnail","hentry","category-auto-moto-com"],"_links":{"self":[{"href":"https:\/\/www.evearly.news\/fr\/wp-json\/wp\/v2\/posts\/262907","targetHints":{"allow":["GET"]}}],"collection":[{"href":"https:\/\/www.evearly.news\/fr\/wp-json\/wp\/v2\/posts"}],"about":[{"href":"https:\/\/www.evearly.news\/fr\/wp-json\/wp\/v2\/types\/post"}],"author":[{"embeddable":true,"href":"https:\/\/www.evearly.news\/fr\/wp-json\/wp\/v2\/users\/9"}],"replies":[{"embeddable":true,"href":"https:\/\/www.evearly.news\/fr\/wp-json\/wp\/v2\/comments?post=262907"}],"version-history":[{"count":0,"href":"https:\/\/www.evearly.news\/fr\/wp-json\/wp\/v2\/posts\/262907\/revisions"}],"wp:featuredmedia":[{"embeddable":true,"href":"https:\/\/www.evearly.news\/fr\/wp-json\/wp\/v2\/media\/262908"}],"wp:attachment":[{"href":"https:\/\/www.evearly.news\/fr\/wp-json\/wp\/v2\/media?parent=262907"}],"wp:term":[{"taxonomy":"category","embeddable":true,"href":"https:\/\/www.evearly.news\/fr\/wp-json\/wp\/v2\/categories?post=262907"},{"taxonomy":"post_tag","embeddable":true,"href":"https:\/\/www.evearly.news\/fr\/wp-json\/wp\/v2\/tags?post=262907"}],"curies":[{"name":"wp","href":"https:\/\/api.w.org\/{rel}","templated":true}]}}