{"id":263222,"date":"2023-09-21T16:16:59","date_gmt":"2023-09-21T14:16:59","guid":{"rendered":"https:\/\/www.evearly.news\/fr\/etude-publication-dune-etude-sur-les-besoins-de-recharge-a-lhorizon-2035\/"},"modified":"2023-09-21T16:16:59","modified_gmt":"2023-09-21T14:16:59","slug":"etude-publication-dune-etude-sur-les-besoins-de-recharge-a-lhorizon-2035","status":"publish","type":"post","link":"https:\/\/www.evearly.news\/fr\/etude-publication-dune-etude-sur-les-besoins-de-recharge-a-lhorizon-2035\/","title":{"rendered":"[Etude] Publication d\u2019une \u00e9tude sur les besoins de recharge \u00e0 l\u2019horizon 2035"},"content":{"rendered":"<p><img decoding=\"async\" src=\"https:\/\/www.evearly.news\/fr\/wp-content\/uploads\/sites\/6\/2023\/09\/etude-publication-dune-etude-sur-les-besoins-de-recharge-a-lhorizon-2035.jpg\"><br \/>L&rsquo;Avere-France d\u00e9voile les r\u00e9sultats de l&rsquo;\u00e9tude \u00ab\u00a0Hit the Road\u00a0\u00bb r\u00e9alis\u00e9e par AFRY, visant \u00e0 analyser les besoins en recharge publique en France \u00e0 l&rsquo;horizon 2035. Cette \u00e9tude, compos\u00e9e de trois tomes, explore l&rsquo;\u00e9tat actuel de la recharge en France (Tome 1), propose des mesures cl\u00e9s pour le d\u00e9ploiement sur les grands axes routiers (Tome 2), et examine les d\u00e9fis sp\u00e9cifiques li\u00e9s au d\u00e9ploiement dans les zones \u00e0 pourvoir (Tome 3). Alors que la France franchit le cap des 100 000 points de charge en mai 2023, cette \u00e9tude vise \u00e0 mieux cerner les besoins en infrastructures de recharge pour soutenir l&rsquo;\u00e9lectrification croissante des mobilit\u00e9s. <a onClick='Showbrowser2();' href=\"https:\/\/www.avere-france.org\/etude-publication-dune-etude-sur-les-besoin-de-recharge-a-lhorizon-2035\/\" target='bwindow' rel=\"noopener\">Lire la suite&#8230;<\/a><\/p>\n","protected":false},"excerpt":{"rendered":"<p>&#8230; <a class=\"continue-reading-link\" href=\"https:\/\/www.evearly.news\/fr\/etude-publication-dune-etude-sur-les-besoins-de-recharge-a-lhorizon-2035\/\"><\/a><\/p>\n","protected":false},"author":10,"featured_media":263223,"comment_status":"closed","ping_status":"closed","sticky":false,"template":"Default","format":"standard","meta":{"footnotes":""},"categories":[9],"tags":[],"class_list":["post-263222","post","type-post","status-publish","format-standard","has-post-thumbnail","hentry","category-avere-france"],"_links":{"self":[{"href":"https:\/\/www.evearly.news\/fr\/wp-json\/wp\/v2\/posts\/263222","targetHints":{"allow":["GET"]}}],"collection":[{"href":"https:\/\/www.evearly.news\/fr\/wp-json\/wp\/v2\/posts"}],"about":[{"href":"https:\/\/www.evearly.news\/fr\/wp-json\/wp\/v2\/types\/post"}],"author":[{"embeddable":true,"href":"https:\/\/www.evearly.news\/fr\/wp-json\/wp\/v2\/users\/10"}],"replies":[{"embeddable":true,"href":"https:\/\/www.evearly.news\/fr\/wp-json\/wp\/v2\/comments?post=263222"}],"version-history":[{"count":0,"href":"https:\/\/www.evearly.news\/fr\/wp-json\/wp\/v2\/posts\/263222\/revisions"}],"wp:featuredmedia":[{"embeddable":true,"href":"https:\/\/www.evearly.news\/fr\/wp-json\/wp\/v2\/media\/263223"}],"wp:attachment":[{"href":"https:\/\/www.evearly.news\/fr\/wp-json\/wp\/v2\/media?parent=263222"}],"wp:term":[{"taxonomy":"category","embeddable":true,"href":"https:\/\/www.evearly.news\/fr\/wp-json\/wp\/v2\/categories?post=263222"},{"taxonomy":"post_tag","embeddable":true,"href":"https:\/\/www.evearly.news\/fr\/wp-json\/wp\/v2\/tags?post=263222"}],"curies":[{"name":"wp","href":"https:\/\/api.w.org\/{rel}","templated":true}]}}