{"id":263230,"date":"2023-09-21T16:58:18","date_gmt":"2023-09-21T14:58:18","guid":{"rendered":"https:\/\/www.evearly.news\/fr\/xpeng-mise-sur-une-nouvelle-version-de-son-suv-electrique-g9-pour-detroner-le-model-y\/"},"modified":"2023-09-21T16:58:18","modified_gmt":"2023-09-21T14:58:18","slug":"xpeng-mise-sur-une-nouvelle-version-de-son-suv-electrique-g9-pour-detroner-le-model-y","status":"publish","type":"post","link":"https:\/\/www.evearly.news\/fr\/xpeng-mise-sur-une-nouvelle-version-de-son-suv-electrique-g9-pour-detroner-le-model-y\/","title":{"rendered":"Xpeng mise sur une nouvelle version de son SUV \u00e9lectrique G9 pour d\u00e9tr\u00f4ner le Model Y"},"content":{"rendered":"<p><img loading=\"lazy\" decoding=\"async\" width=\"500\" height=\"333\" src=\"https:\/\/www.evearly.news\/fr\/wp-content\/uploads\/sites\/6\/2023\/09\/xpeng-mise-sur-une-nouvelle-version-de-son-suv-electrique-g9-pour-detroner-le-model-y.jpg\" class=\"attachment-1200x800 size-1200x800 wp-post-image\" alt=\"\" srcset=\"https:\/\/www.evearly.news\/fr\/wp-content\/uploads\/sites\/6\/2023\/09\/xpeng-mise-sur-une-nouvelle-version-de-son-suv-electrique-g9-pour-detroner-le-model-y.jpg 1200w, https:\/\/www.evearly.news\/fr\/wp-content\/uploads\/sites\/6\/2023\/09\/xpeng-mise-sur-une-nouvelle-version-de-son-suv-electrique-g9-pour-detroner-le-model-y-1.jpg 1024w, https:\/\/www.evearly.news\/fr\/wp-content\/uploads\/sites\/6\/2023\/09\/xpeng-mise-sur-une-nouvelle-version-de-son-suv-electrique-g9-pour-detroner-le-model-y-2.jpg 768w, https:\/\/cdn.automobile-propre.com\/uploads\/2023\/09\/xpeng-g9-2-620x300.jpeg 620w\" sizes=\"auto, (max-width: 1200px) 100vw, 1200px\" \/><br \/>\nXpeng vient de\u00a0d\u00e9voiler une nouvelle version de son G9.\u00a0Des tarifs plus bas,\u00a0des options plus simples et l&rsquo;espoir de faire beaucoup\u2026 <a onClick='Showbrowser2();' href=\"https:\/\/www.automobile-propre.com\/xpeng-mise-sur-une-nouvelle-version-de-son-suv-electrique-g9-pour-detroner-le-model-y\/\" target='bwindow' rel=\"noopener\">Lire la suite&#8230;<\/a><\/p>\n","protected":false},"excerpt":{"rendered":"<p>Xpeng vient de\u00a0d\u00e9voiler une nouvelle version de son G9.\u00a0Des tarifs plus bas,\u00a0des options plus simples et l&rsquo;espoir de faire beaucoup\u2026<\/p>\n<p> Lire la suite&#8230;&#8230; <a class=\"continue-reading-link\" href=\"https:\/\/www.evearly.news\/fr\/xpeng-mise-sur-une-nouvelle-version-de-son-suv-electrique-g9-pour-detroner-le-model-y\/\"><\/a><\/p>\n","protected":false},"author":8,"featured_media":263231,"comment_status":"closed","ping_status":"closed","sticky":false,"template":"Default","format":"standard","meta":{"footnotes":""},"categories":[8],"tags":[],"class_list":["post-263230","post","type-post","status-publish","format-standard","has-post-thumbnail","hentry","category-automobile-propre"],"_links":{"self":[{"href":"https:\/\/www.evearly.news\/fr\/wp-json\/wp\/v2\/posts\/263230","targetHints":{"allow":["GET"]}}],"collection":[{"href":"https:\/\/www.evearly.news\/fr\/wp-json\/wp\/v2\/posts"}],"about":[{"href":"https:\/\/www.evearly.news\/fr\/wp-json\/wp\/v2\/types\/post"}],"author":[{"embeddable":true,"href":"https:\/\/www.evearly.news\/fr\/wp-json\/wp\/v2\/users\/8"}],"replies":[{"embeddable":true,"href":"https:\/\/www.evearly.news\/fr\/wp-json\/wp\/v2\/comments?post=263230"}],"version-history":[{"count":0,"href":"https:\/\/www.evearly.news\/fr\/wp-json\/wp\/v2\/posts\/263230\/revisions"}],"wp:featuredmedia":[{"embeddable":true,"href":"https:\/\/www.evearly.news\/fr\/wp-json\/wp\/v2\/media\/263231"}],"wp:attachment":[{"href":"https:\/\/www.evearly.news\/fr\/wp-json\/wp\/v2\/media?parent=263230"}],"wp:term":[{"taxonomy":"category","embeddable":true,"href":"https:\/\/www.evearly.news\/fr\/wp-json\/wp\/v2\/categories?post=263230"},{"taxonomy":"post_tag","embeddable":true,"href":"https:\/\/www.evearly.news\/fr\/wp-json\/wp\/v2\/tags?post=263230"}],"curies":[{"name":"wp","href":"https:\/\/api.w.org\/{rel}","templated":true}]}}