{"id":264299,"date":"2023-10-03T18:29:34","date_gmt":"2023-10-03T16:29:34","guid":{"rendered":"https:\/\/www.evearly.news\/fr\/la-nouvelle-mini-cooper-se-electrise-le-salon-de-lyon-de-2023\/"},"modified":"2023-10-03T18:29:34","modified_gmt":"2023-10-03T16:29:34","slug":"la-nouvelle-mini-cooper-se-electrise-le-salon-de-lyon-de-2023","status":"publish","type":"post","link":"https:\/\/www.evearly.news\/fr\/la-nouvelle-mini-cooper-se-electrise-le-salon-de-lyon-de-2023\/","title":{"rendered":"La nouvelle Mini Cooper SE \u00e9lectrise le Salon de Lyon de 2023"},"content":{"rendered":"<p><img decoding=\"async\" src=\"https:\/\/www.evearly.news\/fr\/wp-content\/uploads\/sites\/6\/2023\/10\/la-nouvelle-mini-cooper-se-electrise-le-salon-de-lyon-de-2023.jpg\"><br \/>Soixante ans apr\u00e8s la naissance la MINI \u00e9lectrise son mod\u00e8le phare pour la deuxi\u00e8me fois. Mais cette fois-ci, elle a bien plus que sa bonne bouille pour convaincre. Voici \u00e0 quoi ressemble la nouvelle Mini Cooper SE et inutile de&#8230; <a href=\"https:\/\/www.phonandroid.com\/nouvelle-mini-cooper-se-photos-salon-lyon-2023.html\" target=\"blank\" rel=\"noopener\">Lire la suite&#8230;<\/a><\/p>\n","protected":false},"excerpt":{"rendered":"<p>Soixante ans apr\u00e8s la naissance la MINI \u00e9lectrise son mod\u00e8le phare pour la deuxi\u00e8me fois. Mais cette fois-ci, elle a bien plus que sa bonne bouille pour convaincre. Voici \u00e0 quoi ressemble la nouvelle Mini Cooper SE et inutile de&#8230;&#8230; <a class=\"continue-reading-link\" href=\"https:\/\/www.evearly.news\/fr\/la-nouvelle-mini-cooper-se-electrise-le-salon-de-lyon-de-2023\/\"><\/a><\/p>\n","protected":false},"author":17,"featured_media":264300,"comment_status":"closed","ping_status":"closed","sticky":false,"template":"Default","format":"standard","meta":{"footnotes":""},"categories":[18],"tags":[],"class_list":["post-264299","post","type-post","status-publish","format-standard","has-post-thumbnail","hentry","category-phonandroid"],"_links":{"self":[{"href":"https:\/\/www.evearly.news\/fr\/wp-json\/wp\/v2\/posts\/264299","targetHints":{"allow":["GET"]}}],"collection":[{"href":"https:\/\/www.evearly.news\/fr\/wp-json\/wp\/v2\/posts"}],"about":[{"href":"https:\/\/www.evearly.news\/fr\/wp-json\/wp\/v2\/types\/post"}],"author":[{"embeddable":true,"href":"https:\/\/www.evearly.news\/fr\/wp-json\/wp\/v2\/users\/17"}],"replies":[{"embeddable":true,"href":"https:\/\/www.evearly.news\/fr\/wp-json\/wp\/v2\/comments?post=264299"}],"version-history":[{"count":0,"href":"https:\/\/www.evearly.news\/fr\/wp-json\/wp\/v2\/posts\/264299\/revisions"}],"wp:featuredmedia":[{"embeddable":true,"href":"https:\/\/www.evearly.news\/fr\/wp-json\/wp\/v2\/media\/264300"}],"wp:attachment":[{"href":"https:\/\/www.evearly.news\/fr\/wp-json\/wp\/v2\/media?parent=264299"}],"wp:term":[{"taxonomy":"category","embeddable":true,"href":"https:\/\/www.evearly.news\/fr\/wp-json\/wp\/v2\/categories?post=264299"},{"taxonomy":"post_tag","embeddable":true,"href":"https:\/\/www.evearly.news\/fr\/wp-json\/wp\/v2\/tags?post=264299"}],"curies":[{"name":"wp","href":"https:\/\/api.w.org\/{rel}","templated":true}]}}