{"id":264305,"date":"2023-10-03T17:45:32","date_gmt":"2023-10-03T15:45:32","guid":{"rendered":"https:\/\/www.evearly.news\/fr\/leurope-prepare-son-avenir-electrique-avec-lafir\/"},"modified":"2023-10-03T17:45:32","modified_gmt":"2023-10-03T15:45:32","slug":"leurope-prepare-son-avenir-electrique-avec-lafir","status":"publish","type":"post","link":"https:\/\/www.evearly.news\/fr\/leurope-prepare-son-avenir-electrique-avec-lafir\/","title":{"rendered":"L\u2019Europe pr\u00e9pare son avenir \u00e9lectrique avec l\u2019AFIR"},"content":{"rendered":"<p><img decoding=\"async\" src=\"https:\/\/www.evearly.news\/fr\/wp-content\/uploads\/sites\/6\/2023\/10\/leurope-prepare-son-avenir-electrique-avec-lafir.jpg\"><br \/>Adopt\u00e9 d\u00e9finitivement en juillet dernier par le Parlement europ\u00e9en et le Conseil de l&rsquo;Union europ\u00e9enne, l&rsquo;AFIR (Alternative Fuel Infrastructure Regulation) a \u00e9t\u00e9 publi\u00e9 au Journal Officiel de l&rsquo;Union europ\u00e9enne. Ce r\u00e8glement encadre notamment le d\u00e9ploiement de stations de recharge pour v\u00e9hicules \u00e9lectriques et visent \u00e9galement un objectif g\u00e9n\u00e9ral de maillage du continent en bornes de recharge, en particulier sur les grands axes routiers du RTE-T (r\u00e9seau transeurop\u00e9en de transport) pour les v\u00e9hicules l\u00e9gers et lourds \u00e9lectriques. L\u2019AFIR int\u00e8gre \u00e9galement de nouvelles obligations concernant le d\u00e9ploiement de bornes de recharge, notamment s\u2019agissant de la transparence du prix de la recharge et des moyens de paiement. <a onClick='Showbrowser2();' href=\"https:\/\/www.avere-france.org\/leurope-prepare-son-avenir-electrique-avec-lafir-2\/\" target='bwindow' rel=\"noopener\">Lire la suite&#8230;<\/a><\/p>\n","protected":false},"excerpt":{"rendered":"<p>&#8230; <a class=\"continue-reading-link\" href=\"https:\/\/www.evearly.news\/fr\/leurope-prepare-son-avenir-electrique-avec-lafir\/\"><\/a><\/p>\n","protected":false},"author":10,"featured_media":264306,"comment_status":"closed","ping_status":"closed","sticky":false,"template":"Default","format":"standard","meta":{"footnotes":""},"categories":[9],"tags":[],"class_list":["post-264305","post","type-post","status-publish","format-standard","has-post-thumbnail","hentry","category-avere-france"],"_links":{"self":[{"href":"https:\/\/www.evearly.news\/fr\/wp-json\/wp\/v2\/posts\/264305","targetHints":{"allow":["GET"]}}],"collection":[{"href":"https:\/\/www.evearly.news\/fr\/wp-json\/wp\/v2\/posts"}],"about":[{"href":"https:\/\/www.evearly.news\/fr\/wp-json\/wp\/v2\/types\/post"}],"author":[{"embeddable":true,"href":"https:\/\/www.evearly.news\/fr\/wp-json\/wp\/v2\/users\/10"}],"replies":[{"embeddable":true,"href":"https:\/\/www.evearly.news\/fr\/wp-json\/wp\/v2\/comments?post=264305"}],"version-history":[{"count":0,"href":"https:\/\/www.evearly.news\/fr\/wp-json\/wp\/v2\/posts\/264305\/revisions"}],"wp:featuredmedia":[{"embeddable":true,"href":"https:\/\/www.evearly.news\/fr\/wp-json\/wp\/v2\/media\/264306"}],"wp:attachment":[{"href":"https:\/\/www.evearly.news\/fr\/wp-json\/wp\/v2\/media?parent=264305"}],"wp:term":[{"taxonomy":"category","embeddable":true,"href":"https:\/\/www.evearly.news\/fr\/wp-json\/wp\/v2\/categories?post=264305"},{"taxonomy":"post_tag","embeddable":true,"href":"https:\/\/www.evearly.news\/fr\/wp-json\/wp\/v2\/tags?post=264305"}],"curies":[{"name":"wp","href":"https:\/\/api.w.org\/{rel}","templated":true}]}}