{"id":265741,"date":"2023-10-12T11:30:00","date_gmt":"2023-10-12T09:30:00","guid":{"rendered":"https:\/\/www.evearly.news\/fr\/kia-devoile-lev5-et-deux-concepts-de-berline-et-suv-electriques\/"},"modified":"2023-10-12T14:21:40","modified_gmt":"2023-10-12T12:21:40","slug":"kia-devoile-lev5-et-deux-concepts-de-berline-et-suv-electriques","status":"publish","type":"post","link":"https:\/\/www.evearly.news\/fr\/kia-devoile-lev5-et-deux-concepts-de-berline-et-suv-electriques\/","title":{"rendered":"Kia d\u00e9voile l\u2019EV5 et deux concepts de berline et SUV \u00e9lectriques"},"content":{"rendered":"\n<p><img decoding=\"async\" src=\"https:\/\/www.evearly.news\/fr\/wp-content\/uploads\/sites\/6\/2023\/10\/kia-devoile-lev5-et-deux-concepts-de-berline-et-suv-electriques.webp\" alt=\"auto-moto\"><br>Kia acc\u00e9l\u00e8re sur les v\u00e9hicules \u00e9lectriques et pr\u00e9sente sa strat\u00e9gie mondiale avec trois nouveaut\u00e9s : le SUV EV5 de s\u00e9rie, d\u00e9j\u00e0 pr\u00e9figur\u00e9 par une \u00e9tude au printemps, ainsi que les futurs EV3 et EV4, une berline et un SUV urbain d\u00e9voil\u00e9s par des concepts. <a href=\"https:\/\/www.auto-moto.com\/electrique\/kia-devoile-l-ev5-et-deux-concepts-de-futurs-modeles-electriques-25601\" target=\"blank\" rel=\"noopener\">Lire la suite&#8230;<\/a><\/p>\n","protected":false},"excerpt":{"rendered":"<p>Kia acc\u00e9l\u00e8re sur les v\u00e9hicules \u00e9lectriques et pr\u00e9sente sa strat\u00e9gie mondiale avec trois nouveaut\u00e9s : le SUV EV5 de s\u00e9rie, d\u00e9j\u00e0 pr\u00e9figur\u00e9 par une \u00e9tude au printemps, ainsi que les futurs EV3 et EV4, une berline et un SUV urbain d\u00e9voil\u00e9s par des concepts&#8230;. <a class=\"continue-reading-link\" href=\"https:\/\/www.evearly.news\/fr\/kia-devoile-lev5-et-deux-concepts-de-berline-et-suv-electriques\/\"><\/a><\/p>\n","protected":false},"author":9,"featured_media":265742,"comment_status":"closed","ping_status":"closed","sticky":false,"template":"Default","format":"standard","meta":{"footnotes":""},"categories":[10],"tags":[],"class_list":["post-265741","post","type-post","status-publish","format-standard","has-post-thumbnail","hentry","category-auto-moto-com"],"_links":{"self":[{"href":"https:\/\/www.evearly.news\/fr\/wp-json\/wp\/v2\/posts\/265741","targetHints":{"allow":["GET"]}}],"collection":[{"href":"https:\/\/www.evearly.news\/fr\/wp-json\/wp\/v2\/posts"}],"about":[{"href":"https:\/\/www.evearly.news\/fr\/wp-json\/wp\/v2\/types\/post"}],"author":[{"embeddable":true,"href":"https:\/\/www.evearly.news\/fr\/wp-json\/wp\/v2\/users\/9"}],"replies":[{"embeddable":true,"href":"https:\/\/www.evearly.news\/fr\/wp-json\/wp\/v2\/comments?post=265741"}],"version-history":[{"count":2,"href":"https:\/\/www.evearly.news\/fr\/wp-json\/wp\/v2\/posts\/265741\/revisions"}],"predecessor-version":[{"id":265767,"href":"https:\/\/www.evearly.news\/fr\/wp-json\/wp\/v2\/posts\/265741\/revisions\/265767"}],"wp:featuredmedia":[{"embeddable":true,"href":"https:\/\/www.evearly.news\/fr\/wp-json\/wp\/v2\/media\/265742"}],"wp:attachment":[{"href":"https:\/\/www.evearly.news\/fr\/wp-json\/wp\/v2\/media?parent=265741"}],"wp:term":[{"taxonomy":"category","embeddable":true,"href":"https:\/\/www.evearly.news\/fr\/wp-json\/wp\/v2\/categories?post=265741"},{"taxonomy":"post_tag","embeddable":true,"href":"https:\/\/www.evearly.news\/fr\/wp-json\/wp\/v2\/tags?post=265741"}],"curies":[{"name":"wp","href":"https:\/\/api.w.org\/{rel}","templated":true}]}}