{"id":265758,"date":"2023-10-12T11:08:22","date_gmt":"2023-10-12T09:08:22","guid":{"rendered":"https:\/\/www.evearly.news\/fr\/etude-lavere-france-et-france-hydrogene-presentent-la-premiere-etude-dediee-aux-autocars-electriques-a-batterie-et-a-hydrogene\/"},"modified":"2023-10-12T14:32:54","modified_gmt":"2023-10-12T12:32:54","slug":"etude-lavere-france-et-france-hydrogene-presentent-la-premiere-etude-dediee-aux-autocars-electriques-a-batterie-et-a-hydrogene","status":"publish","type":"post","link":"https:\/\/www.evearly.news\/fr\/etude-lavere-france-et-france-hydrogene-presentent-la-premiere-etude-dediee-aux-autocars-electriques-a-batterie-et-a-hydrogene\/","title":{"rendered":"[Etude] L\u2019Avere-France et France Hydrog\u00e8ne pr\u00e9sentent la premi\u00e8re \u00e9tude d\u00e9di\u00e9e aux autocars \u00e9lectriques \u00e0 batterie et \u00e0 hydrog\u00e8ne"},"content":{"rendered":"<p><img decoding=\"async\" src=\"https:\/\/www.avere-france.org\/wp-content\/uploads\/2023\/10\/Etude-Avere-France.png\" \/><br \/>\nDans un paysage o\u00f9 la mobilit\u00e9 \u00e9lectrique gagne du terrain, cette \u00e9tude, fruit de consultations avec divers acteurs de l\u2019industrie, des exploitants et des autorit\u00e9s r\u00e9gionales, offre un aper\u00e7u complet du march\u00e9 des autocars \u00e9lectriques \u00e0 batterie et \u00e0 hydrog\u00e8ne, en identifiant les opportunit\u00e9s \u00e0 saisir et les obstacles \u00e0 surmonter. <a href=\"https:\/\/www.avere-france.org\/etude-lavere-france-et-france-hydrogene-presentent-la-premiere-etude-dediee-aux-autocars-electriques-a-batterie-et-a-hydrogene\" target=\"bwindow\" rel=\"noopener\">Lire la suite&#8230;<\/a><\/p>\n","protected":false},"excerpt":{"rendered":"<p>&#8230; <a class=\"continue-reading-link\" href=\"https:\/\/www.evearly.news\/fr\/etude-lavere-france-et-france-hydrogene-presentent-la-premiere-etude-dediee-aux-autocars-electriques-a-batterie-et-a-hydrogene\/\"><\/a><\/p>\n","protected":false},"author":10,"featured_media":0,"comment_status":"closed","ping_status":"closed","sticky":false,"template":"Default","format":"standard","meta":{"footnotes":""},"categories":[9],"tags":[],"class_list":["post-265758","post","type-post","status-publish","format-standard","hentry","category-avere-france"],"_links":{"self":[{"href":"https:\/\/www.evearly.news\/fr\/wp-json\/wp\/v2\/posts\/265758","targetHints":{"allow":["GET"]}}],"collection":[{"href":"https:\/\/www.evearly.news\/fr\/wp-json\/wp\/v2\/posts"}],"about":[{"href":"https:\/\/www.evearly.news\/fr\/wp-json\/wp\/v2\/types\/post"}],"author":[{"embeddable":true,"href":"https:\/\/www.evearly.news\/fr\/wp-json\/wp\/v2\/users\/10"}],"replies":[{"embeddable":true,"href":"https:\/\/www.evearly.news\/fr\/wp-json\/wp\/v2\/comments?post=265758"}],"version-history":[{"count":1,"href":"https:\/\/www.evearly.news\/fr\/wp-json\/wp\/v2\/posts\/265758\/revisions"}],"predecessor-version":[{"id":265780,"href":"https:\/\/www.evearly.news\/fr\/wp-json\/wp\/v2\/posts\/265758\/revisions\/265780"}],"wp:attachment":[{"href":"https:\/\/www.evearly.news\/fr\/wp-json\/wp\/v2\/media?parent=265758"}],"wp:term":[{"taxonomy":"category","embeddable":true,"href":"https:\/\/www.evearly.news\/fr\/wp-json\/wp\/v2\/categories?post=265758"},{"taxonomy":"post_tag","embeddable":true,"href":"https:\/\/www.evearly.news\/fr\/wp-json\/wp\/v2\/tags?post=265758"}],"curies":[{"name":"wp","href":"https:\/\/api.w.org\/{rel}","templated":true}]}}