{"id":266284,"date":"2023-10-20T08:00:00","date_gmt":"2023-10-20T06:00:00","guid":{"rendered":"https:\/\/www.evearly.news\/fr\/smart-ford-audi-ces-marques-qui-baissent-les-prix-de-leurs-voitures-electriques\/"},"modified":"2023-10-20T08:00:00","modified_gmt":"2023-10-20T06:00:00","slug":"smart-ford-audi-ces-marques-qui-baissent-les-prix-de-leurs-voitures-electriques","status":"publish","type":"post","link":"https:\/\/www.evearly.news\/fr\/smart-ford-audi-ces-marques-qui-baissent-les-prix-de-leurs-voitures-electriques\/","title":{"rendered":"Smart, Ford, Audi&#8230; : ces marques qui baissent les prix de leurs voitures \u00e9lectriques"},"content":{"rendered":"<div class=\"media_block\"><img decoding=\"async\" src=\"https:\/\/www.evearly.news\/fr\/wp-content\/uploads\/sites\/6\/2023\/10\/smart-ford-audi-ces-marques-qui-baissent-les-prix-de-leurs-voitures-electriques.jpg\"><\/div>\n<p>Ces derniers temps, plusieurs constructeurs ont d\u00e9cid\u00e9 de calmer le jeu sur le prix des v\u00e9hicules \u00e9lectriques. Parfois sur des produits pourtant tout juste commercialis\u00e9s. <a onClick='Showbrowser2();' href=\"https:\/\/www.automobile-magazine.fr\/voitures-electriques\/article\/40511-smart-ford-audi-ces-marques-qui-baissent-les-prix-de-leurs-voitures-electriques\" target='bwindow' rel=\"noopener\">Lire la suite&#8230;<\/a><\/p>\n","protected":false},"excerpt":{"rendered":"<div class=\"media_block\"><img decoding=\"async\" src=\"https:\/\/www.evearly.news\/fr\/wp-content\/uploads\/sites\/6\/2023\/10\/smart-ford-audi-ces-marques-qui-baissent-les-prix-de-leurs-voitures-electriques.jpg\"><\/div>\n<p> <a class=\"continue-reading-link\" href=\"https:\/\/www.evearly.news\/fr\/smart-ford-audi-ces-marques-qui-baissent-les-prix-de-leurs-voitures-electriques\/\"><\/a><\/p>\n","protected":false},"author":7,"featured_media":266285,"comment_status":"closed","ping_status":"closed","sticky":false,"template":"Default","format":"standard","meta":{"footnotes":""},"categories":[7],"tags":[],"class_list":["post-266284","post","type-post","status-publish","format-standard","has-post-thumbnail","hentry","category-automobile-magazine"],"_links":{"self":[{"href":"https:\/\/www.evearly.news\/fr\/wp-json\/wp\/v2\/posts\/266284","targetHints":{"allow":["GET"]}}],"collection":[{"href":"https:\/\/www.evearly.news\/fr\/wp-json\/wp\/v2\/posts"}],"about":[{"href":"https:\/\/www.evearly.news\/fr\/wp-json\/wp\/v2\/types\/post"}],"author":[{"embeddable":true,"href":"https:\/\/www.evearly.news\/fr\/wp-json\/wp\/v2\/users\/7"}],"replies":[{"embeddable":true,"href":"https:\/\/www.evearly.news\/fr\/wp-json\/wp\/v2\/comments?post=266284"}],"version-history":[{"count":0,"href":"https:\/\/www.evearly.news\/fr\/wp-json\/wp\/v2\/posts\/266284\/revisions"}],"wp:featuredmedia":[{"embeddable":true,"href":"https:\/\/www.evearly.news\/fr\/wp-json\/wp\/v2\/media\/266285"}],"wp:attachment":[{"href":"https:\/\/www.evearly.news\/fr\/wp-json\/wp\/v2\/media?parent=266284"}],"wp:term":[{"taxonomy":"category","embeddable":true,"href":"https:\/\/www.evearly.news\/fr\/wp-json\/wp\/v2\/categories?post=266284"},{"taxonomy":"post_tag","embeddable":true,"href":"https:\/\/www.evearly.news\/fr\/wp-json\/wp\/v2\/tags?post=266284"}],"curies":[{"name":"wp","href":"https:\/\/api.w.org\/{rel}","templated":true}]}}