{"id":266296,"date":"2023-10-20T10:00:10","date_gmt":"2023-10-20T08:00:10","guid":{"rendered":"https:\/\/www.evearly.news\/fr\/deploiement-des-bornes-de-recharge-sur-le-pays-des-paillons-06\/"},"modified":"2023-10-20T10:00:10","modified_gmt":"2023-10-20T08:00:10","slug":"deploiement-des-bornes-de-recharge-sur-le-pays-des-paillons-06","status":"publish","type":"post","link":"https:\/\/www.evearly.news\/fr\/deploiement-des-bornes-de-recharge-sur-le-pays-des-paillons-06\/","title":{"rendered":"D\u00e9ploiement des bornes de recharge sur le Pays des Paillons (06)"},"content":{"rendered":"<p><img width=\"1000\" height=\"563\" src=\"https:\/\/www.evearly.news\/fr\/wp-content\/uploads\/sites\/6\/2023\/10\/deploiement-des-bornes-de-recharge-sur-le-pays-des-paillons-06.png\" class=\"attachment-post-thumbnail size-post-thumbnail wp-post-image\" alt=\"D\u00e9ploiement des bornes de recharge sur le Pays des Paillons (06)\" decoding=\"async\" fetchpriority=\"high\" srcset=\"https:\/\/www.evearly.news\/fr\/wp-content\/uploads\/sites\/6\/2023\/10\/deploiement-des-bornes-de-recharge-sur-le-pays-des-paillons-06.png 1000w, https:\/\/www.evearly.news\/fr\/wp-content\/uploads\/sites\/6\/2023\/10\/deploiement-des-bornes-de-recharge-sur-le-pays-des-paillons-06-1.png 300w, https:\/\/www.evearly.news\/fr\/wp-content\/uploads\/sites\/6\/2023\/10\/deploiement-des-bornes-de-recharge-sur-le-pays-des-paillons-06-2.png 998w, https:\/\/www.avem.fr\/wp-content\/uploads\/2023\/10\/Image-article-1000x563-1-768x432.png 768w\" sizes=\"(max-width: 1000px) 100vw, 1000px\" \/>La mobilit\u00e9 est une question importante pour la communaut\u00e9 de communes du Pays des Paillons (CCPP) situ\u00e9e dans les Alpes-Maritimes, tant elle touche les habitants au quotidien, notamment au niveau des d\u00e9placements \u00ab\u00a0domicile-travail\u00a0\u00bb. La loi d\u2019orientation des mobilit\u00e9s pousse \u00e9galement les collectivit\u00e9s \u00e0 mettre cette question au c\u0153ur de leurs [\u2026] <a href=\"https:\/\/www.avem.fr\/2023\/10\/20\/deploiement-des-bornes-de-recharge-sur-le-pays-des-paillons-06\/\" target=\"blank\" rel=\"noopener\">Lire la suite&#8230;<\/a><\/p>\n","protected":false},"excerpt":{"rendered":"<p><img loading=\"lazy\" decoding=\"async\" width=\"1000\" height=\"563\" src=\"https:\/\/www.evearly.news\/fr\/wp-content\/uploads\/sites\/6\/2023\/10\/deploiement-des-bornes-de-recharge-sur-le-pays-des-paillons-06.png\" class=\"attachment-post-thumbnail size-post-thumbnail wp-post-image\" alt=\"D\u00e9ploiement des bornes de recharge sur le Pays des Paillons (06)\" \/>La mobilit\u00e9 est une question importante pour la communaut\u00e9 de communes du Pays des Paillons (CCPP) situ\u00e9e dans les Alpes-Maritimes, tant elle touche les habitants au quotidien, notamment au niveau des d\u00e9placements \u00ab\u00a0domicile-travail\u00a0\u00bb. La loi d\u2019orientation des mobilit\u00e9s pousse \u00e9galement les collectivit\u00e9s \u00e0 mettre cette question au c\u0153ur de leurs [\u2026] <a class=\"continue-reading-link\" href=\"https:\/\/www.evearly.news\/fr\/deploiement-des-bornes-de-recharge-sur-le-pays-des-paillons-06\/\"><\/a><\/p>\n","protected":false},"author":3,"featured_media":266297,"comment_status":"closed","ping_status":"closed","sticky":false,"template":"Default","format":"standard","meta":{"footnotes":""},"categories":[3],"tags":[],"class_list":["post-266296","post","type-post","status-publish","format-standard","has-post-thumbnail","hentry","category-avem"],"_links":{"self":[{"href":"https:\/\/www.evearly.news\/fr\/wp-json\/wp\/v2\/posts\/266296","targetHints":{"allow":["GET"]}}],"collection":[{"href":"https:\/\/www.evearly.news\/fr\/wp-json\/wp\/v2\/posts"}],"about":[{"href":"https:\/\/www.evearly.news\/fr\/wp-json\/wp\/v2\/types\/post"}],"author":[{"embeddable":true,"href":"https:\/\/www.evearly.news\/fr\/wp-json\/wp\/v2\/users\/3"}],"replies":[{"embeddable":true,"href":"https:\/\/www.evearly.news\/fr\/wp-json\/wp\/v2\/comments?post=266296"}],"version-history":[{"count":0,"href":"https:\/\/www.evearly.news\/fr\/wp-json\/wp\/v2\/posts\/266296\/revisions"}],"wp:featuredmedia":[{"embeddable":true,"href":"https:\/\/www.evearly.news\/fr\/wp-json\/wp\/v2\/media\/266297"}],"wp:attachment":[{"href":"https:\/\/www.evearly.news\/fr\/wp-json\/wp\/v2\/media?parent=266296"}],"wp:term":[{"taxonomy":"category","embeddable":true,"href":"https:\/\/www.evearly.news\/fr\/wp-json\/wp\/v2\/categories?post=266296"},{"taxonomy":"post_tag","embeddable":true,"href":"https:\/\/www.evearly.news\/fr\/wp-json\/wp\/v2\/tags?post=266296"}],"curies":[{"name":"wp","href":"https:\/\/api.w.org\/{rel}","templated":true}]}}