{"id":266304,"date":"2023-10-20T10:02:30","date_gmt":"2023-10-20T08:02:30","guid":{"rendered":"https:\/\/www.evearly.news\/fr\/renault-des-ventes-en-hausse-de-22-sur-les-modeles-electrifies\/"},"modified":"2023-10-20T10:02:30","modified_gmt":"2023-10-20T08:02:30","slug":"renault-des-ventes-en-hausse-de-22-sur-les-modeles-electrifies","status":"publish","type":"post","link":"https:\/\/www.evearly.news\/fr\/renault-des-ventes-en-hausse-de-22-sur-les-modeles-electrifies\/","title":{"rendered":"Renault : des ventes en hausse de 22 % sur les mod\u00e8les \u00e9lectrifi\u00e9s"},"content":{"rendered":"<p><img decoding=\"async\" width=\"500\" height=\"333\" src=\"https:\/\/www.evearly.news\/fr\/wp-content\/uploads\/sites\/6\/2023\/10\/renault-des-ventes-en-hausse-de-22-sur-les-modeles-electrifies.jpg\" class=\"attachment-1200x800 size-1200x800 wp-post-image\" alt=\"\" loading=\"lazy\" srcset=\"https:\/\/www.evearly.news\/fr\/wp-content\/uploads\/sites\/6\/2023\/10\/renault-des-ventes-en-hausse-de-22-sur-les-modeles-electrifies.jpg 1920w, https:\/\/www.evearly.news\/fr\/wp-content\/uploads\/sites\/6\/2023\/10\/renault-des-ventes-en-hausse-de-22-sur-les-modeles-electrifies-1.jpg 1200w, https:\/\/www.evearly.news\/fr\/wp-content\/uploads\/sites\/6\/2023\/10\/renault-des-ventes-en-hausse-de-22-sur-les-modeles-electrifies-2.jpg 1024w, https:\/\/www.evearly.news\/fr\/wp-content\/uploads\/sites\/6\/2023\/10\/renault-des-ventes-en-hausse-de-22-sur-les-modeles-electrifies-3.jpg 768w, https:\/\/www.evearly.news\/fr\/wp-content\/uploads\/sites\/6\/2023\/10\/renault-des-ventes-en-hausse-de-22-sur-les-modeles-electrifies-4.jpg 1536w, https:\/\/cdn.automobile-propre.com\/uploads\/2022\/05\/Usine-Renault-Douai-Megane-E-Tech-Automobile-Propre-38-620x349.jpg 620w\" sizes=\"auto, (max-width: 1200px) 100vw, 1200px\" \/><br \/>\nRenault cl\u00f4ture le troisi\u00e8me trimestre 2023 avec de bons chiffres. Les marques du groupe ont notamment vu leurs ventes sur\u2026 <a onClick='Showbrowser2();' href=\"https:\/\/www.automobile-propre.com\/renault-des-ventes-en-hausse-de-22-sur-les-modeles-electrifies\/\" target='bwindow' rel=\"noopener\">Lire la suite&#8230;<\/a><\/p>\n","protected":false},"excerpt":{"rendered":"<p>Renault cl\u00f4ture le troisi\u00e8me trimestre 2023 avec de bons chiffres. Les marques du groupe ont notamment vu leurs ventes sur\u2026<\/p>\n<p> Lire la suite&#8230;&#8230; <a class=\"continue-reading-link\" href=\"https:\/\/www.evearly.news\/fr\/renault-des-ventes-en-hausse-de-22-sur-les-modeles-electrifies\/\"><\/a><\/p>\n","protected":false},"author":8,"featured_media":266305,"comment_status":"closed","ping_status":"closed","sticky":false,"template":"Default","format":"standard","meta":{"footnotes":""},"categories":[8],"tags":[],"class_list":["post-266304","post","type-post","status-publish","format-standard","has-post-thumbnail","hentry","category-automobile-propre"],"_links":{"self":[{"href":"https:\/\/www.evearly.news\/fr\/wp-json\/wp\/v2\/posts\/266304","targetHints":{"allow":["GET"]}}],"collection":[{"href":"https:\/\/www.evearly.news\/fr\/wp-json\/wp\/v2\/posts"}],"about":[{"href":"https:\/\/www.evearly.news\/fr\/wp-json\/wp\/v2\/types\/post"}],"author":[{"embeddable":true,"href":"https:\/\/www.evearly.news\/fr\/wp-json\/wp\/v2\/users\/8"}],"replies":[{"embeddable":true,"href":"https:\/\/www.evearly.news\/fr\/wp-json\/wp\/v2\/comments?post=266304"}],"version-history":[{"count":0,"href":"https:\/\/www.evearly.news\/fr\/wp-json\/wp\/v2\/posts\/266304\/revisions"}],"wp:featuredmedia":[{"embeddable":true,"href":"https:\/\/www.evearly.news\/fr\/wp-json\/wp\/v2\/media\/266305"}],"wp:attachment":[{"href":"https:\/\/www.evearly.news\/fr\/wp-json\/wp\/v2\/media?parent=266304"}],"wp:term":[{"taxonomy":"category","embeddable":true,"href":"https:\/\/www.evearly.news\/fr\/wp-json\/wp\/v2\/categories?post=266304"},{"taxonomy":"post_tag","embeddable":true,"href":"https:\/\/www.evearly.news\/fr\/wp-json\/wp\/v2\/tags?post=266304"}],"curies":[{"name":"wp","href":"https:\/\/api.w.org\/{rel}","templated":true}]}}