{"id":266343,"date":"2023-10-20T16:02:30","date_gmt":"2023-10-20T14:02:30","guid":{"rendered":"https:\/\/www.evearly.news\/fr\/rimac-et-ionity-sassocient-pour-la-recharge-ultra-rapide\/"},"modified":"2023-10-20T16:02:30","modified_gmt":"2023-10-20T14:02:30","slug":"rimac-et-ionity-sassocient-pour-la-recharge-ultra-rapide","status":"publish","type":"post","link":"https:\/\/www.evearly.news\/fr\/rimac-et-ionity-sassocient-pour-la-recharge-ultra-rapide\/","title":{"rendered":"Rimac et Ionity s\u2019associent pour la recharge ultra rapide"},"content":{"rendered":"<p><img decoding=\"async\" width=\"500\" height=\"333\" src=\"https:\/\/www.evearly.news\/fr\/wp-content\/uploads\/sites\/6\/2023\/10\/rimac-et-ionity-sassocient-pour-la-recharge-ultra-rapide.jpg\" class=\"attachment-1200x800 size-1200x800 wp-post-image\" alt=\"\" loading=\"lazy\" srcset=\"https:\/\/www.evearly.news\/fr\/wp-content\/uploads\/sites\/6\/2023\/10\/rimac-et-ionity-sassocient-pour-la-recharge-ultra-rapide.jpg 1200w, https:\/\/www.evearly.news\/fr\/wp-content\/uploads\/sites\/6\/2023\/10\/rimac-et-ionity-sassocient-pour-la-recharge-ultra-rapide-1.jpg 1024w, https:\/\/www.evearly.news\/fr\/wp-content\/uploads\/sites\/6\/2023\/10\/rimac-et-ionity-sassocient-pour-la-recharge-ultra-rapide-2.jpg 768w, https:\/\/cdn.automobile-propre.com\/uploads\/2023\/10\/Rimac-Nevera-Ionity-620x349.jpg 620w\" sizes=\"auto, (max-width: 1200px) 100vw, 1200px\" \/><br \/>\nLe r\u00e9seau de recharge Ionity s&rsquo;associe \u00e0 Rimac, fabricant d&rsquo;hypercars \u00e9lectriques. Les deux entreprises veulent offrir \u00ab\u00a0l&rsquo;exp\u00e9rience de mobilit\u00e9 \u00e9lectrique\u2026 <a onClick='Showbrowser2();' href=\"https:\/\/www.automobile-propre.com\/rimac-et-ionity-sassocient-pour-la-recharge-ultrarapide\/\" target='bwindow' rel=\"noopener\">Lire la suite&#8230;<\/a><\/p>\n","protected":false},"excerpt":{"rendered":"<p>Le r\u00e9seau de recharge Ionity s&rsquo;associe \u00e0 Rimac, fabricant d&rsquo;hypercars \u00e9lectriques. Les deux entreprises veulent offrir \u00ab\u00a0l&rsquo;exp\u00e9rience de mobilit\u00e9 \u00e9lectrique\u2026<\/p>\n<p> Lire la suite&#8230;&#8230; <a class=\"continue-reading-link\" href=\"https:\/\/www.evearly.news\/fr\/rimac-et-ionity-sassocient-pour-la-recharge-ultra-rapide\/\"><\/a><\/p>\n","protected":false},"author":8,"featured_media":266344,"comment_status":"closed","ping_status":"closed","sticky":false,"template":"Default","format":"standard","meta":{"footnotes":""},"categories":[8],"tags":[],"class_list":["post-266343","post","type-post","status-publish","format-standard","has-post-thumbnail","hentry","category-automobile-propre"],"_links":{"self":[{"href":"https:\/\/www.evearly.news\/fr\/wp-json\/wp\/v2\/posts\/266343","targetHints":{"allow":["GET"]}}],"collection":[{"href":"https:\/\/www.evearly.news\/fr\/wp-json\/wp\/v2\/posts"}],"about":[{"href":"https:\/\/www.evearly.news\/fr\/wp-json\/wp\/v2\/types\/post"}],"author":[{"embeddable":true,"href":"https:\/\/www.evearly.news\/fr\/wp-json\/wp\/v2\/users\/8"}],"replies":[{"embeddable":true,"href":"https:\/\/www.evearly.news\/fr\/wp-json\/wp\/v2\/comments?post=266343"}],"version-history":[{"count":0,"href":"https:\/\/www.evearly.news\/fr\/wp-json\/wp\/v2\/posts\/266343\/revisions"}],"wp:featuredmedia":[{"embeddable":true,"href":"https:\/\/www.evearly.news\/fr\/wp-json\/wp\/v2\/media\/266344"}],"wp:attachment":[{"href":"https:\/\/www.evearly.news\/fr\/wp-json\/wp\/v2\/media?parent=266343"}],"wp:term":[{"taxonomy":"category","embeddable":true,"href":"https:\/\/www.evearly.news\/fr\/wp-json\/wp\/v2\/categories?post=266343"},{"taxonomy":"post_tag","embeddable":true,"href":"https:\/\/www.evearly.news\/fr\/wp-json\/wp\/v2\/tags?post=266343"}],"curies":[{"name":"wp","href":"https:\/\/api.w.org\/{rel}","templated":true}]}}