{"id":266347,"date":"2023-10-20T16:00:00","date_gmt":"2023-10-20T14:00:00","guid":{"rendered":"https:\/\/www.evearly.news\/fr\/lancia-gamma-la-berline-electrique-qui-promet-700-km-dautonomie\/"},"modified":"2023-10-20T16:00:00","modified_gmt":"2023-10-20T14:00:00","slug":"lancia-gamma-la-berline-electrique-qui-promet-700-km-dautonomie","status":"publish","type":"post","link":"https:\/\/www.evearly.news\/fr\/lancia-gamma-la-berline-electrique-qui-promet-700-km-dautonomie\/","title":{"rendered":"Lancia Gamma : la berline \u00e9lectrique qui promet 700 km d\u2019autonomie"},"content":{"rendered":"<p><img decoding=\"async\" src=\"https:\/\/www.evearly.news\/fr\/wp-content\/uploads\/sites\/6\/2023\/10\/lancia-gamma-la-berline-electrique-qui-promet-700-km-dautonomie.webp\" alt=\"auto-moto\"><br \/>Lancia donne de nouvelles informations sur son futur vaisseau amiral \u00e9lectrique, la Gamma. Le mod\u00e8le sera une berline \u201cfastback\u201d de 4,70 m fabriqu\u00e9e \u00e0 Melfi, en Italie, d\u00e8s 2026. Elle promet 700 km d\u2019autonomie gr\u00e2ce \u00e0 sa nouvelle plateforme STLA Medium. <a href=\"https:\/\/www.auto-moto.com\/electrique\/lancia-gamma--la-berline-electrique-qui-promet-700-km-d-autonomie-26009\" target=\"blank\" rel=\"noopener\">Lire la suite&#8230;<\/a><\/p>\n","protected":false},"excerpt":{"rendered":"<p>Lancia donne de nouvelles informations sur son futur vaisseau amiral \u00e9lectrique, la Gamma. Le mod\u00e8le sera une berline \u201cfastback\u201d de 4,70 m fabriqu\u00e9e \u00e0 Melfi, en Italie, d\u00e8s 2026. Elle promet 700 km d\u2019autonomie gr\u00e2ce \u00e0 sa nouvelle plateforme STLA Medium&#8230;. <a class=\"continue-reading-link\" href=\"https:\/\/www.evearly.news\/fr\/lancia-gamma-la-berline-electrique-qui-promet-700-km-dautonomie\/\"><\/a><\/p>\n","protected":false},"author":9,"featured_media":266348,"comment_status":"closed","ping_status":"closed","sticky":false,"template":"Default","format":"standard","meta":{"footnotes":""},"categories":[10],"tags":[],"class_list":["post-266347","post","type-post","status-publish","format-standard","has-post-thumbnail","hentry","category-auto-moto-com"],"_links":{"self":[{"href":"https:\/\/www.evearly.news\/fr\/wp-json\/wp\/v2\/posts\/266347","targetHints":{"allow":["GET"]}}],"collection":[{"href":"https:\/\/www.evearly.news\/fr\/wp-json\/wp\/v2\/posts"}],"about":[{"href":"https:\/\/www.evearly.news\/fr\/wp-json\/wp\/v2\/types\/post"}],"author":[{"embeddable":true,"href":"https:\/\/www.evearly.news\/fr\/wp-json\/wp\/v2\/users\/9"}],"replies":[{"embeddable":true,"href":"https:\/\/www.evearly.news\/fr\/wp-json\/wp\/v2\/comments?post=266347"}],"version-history":[{"count":0,"href":"https:\/\/www.evearly.news\/fr\/wp-json\/wp\/v2\/posts\/266347\/revisions"}],"wp:featuredmedia":[{"embeddable":true,"href":"https:\/\/www.evearly.news\/fr\/wp-json\/wp\/v2\/media\/266348"}],"wp:attachment":[{"href":"https:\/\/www.evearly.news\/fr\/wp-json\/wp\/v2\/media?parent=266347"}],"wp:term":[{"taxonomy":"category","embeddable":true,"href":"https:\/\/www.evearly.news\/fr\/wp-json\/wp\/v2\/categories?post=266347"},{"taxonomy":"post_tag","embeddable":true,"href":"https:\/\/www.evearly.news\/fr\/wp-json\/wp\/v2\/tags?post=266347"}],"curies":[{"name":"wp","href":"https:\/\/api.w.org\/{rel}","templated":true}]}}