{"id":266428,"date":"2023-10-22T09:15:00","date_gmt":"2023-10-22T07:15:00","guid":{"rendered":"https:\/\/www.evearly.news\/fr\/citroen-e-c3-portrait-de-la-citadine-electrique-vendue-23-300-e-avant-bonus\/"},"modified":"2023-10-22T09:15:00","modified_gmt":"2023-10-22T07:15:00","slug":"citroen-e-c3-portrait-de-la-citadine-electrique-vendue-23-300-e-avant-bonus","status":"publish","type":"post","link":"https:\/\/www.evearly.news\/fr\/citroen-e-c3-portrait-de-la-citadine-electrique-vendue-23-300-e-avant-bonus\/","title":{"rendered":"Citro\u00ebn \u00eb-C3 : portrait de la citadine \u00e9lectrique vendue 23 300 \u20ac avant bonus"},"content":{"rendered":"<div class=\"media_block\"><img decoding=\"async\" src=\"https:\/\/www.evearly.news\/fr\/wp-content\/uploads\/sites\/6\/2023\/10\/citroen-e-c3-portrait-de-la-citadine-electrique-vendue-23-300-e-avant-bonus.jpg\"><\/div>\n<p>La marque aux chevrons frappe fort, indiquant d\u00e8s la r\u00e9v\u00e9lation de la nouvelle C3, le prix canon de la version \u00e9lectrique \u00eb-C3 : 23 300 \u20ac. Mais elle ne s&rsquo;arr\u00eate pas en si bon chemin, rench\u00e9rissant avec une version d\u2019acc\u00e8s promise pour 2025, elle aussi sur prise promise \u00e0 19 990 \u20ac. La Dacia Spring devra se remettre en question. <a onClick='Showbrowser2();' href=\"https:\/\/www.automobile-magazine.fr\/toute-l-actualite\/article\/40505-citroen-e-c3-portrait-de-la-citadine-electrique-vendue-23-300-eur-avant-bonus\" target='bwindow' rel=\"noopener\">Lire la suite&#8230;<\/a><\/p>\n","protected":false},"excerpt":{"rendered":"<div class=\"media_block\"><img decoding=\"async\" src=\"https:\/\/www.evearly.news\/fr\/wp-content\/uploads\/sites\/6\/2023\/10\/citroen-e-c3-portrait-de-la-citadine-electrique-vendue-23-300-e-avant-bonus.jpg\"><\/div>\n<p> <a class=\"continue-reading-link\" href=\"https:\/\/www.evearly.news\/fr\/citroen-e-c3-portrait-de-la-citadine-electrique-vendue-23-300-e-avant-bonus\/\"><\/a><\/p>\n","protected":false},"author":7,"featured_media":266429,"comment_status":"closed","ping_status":"closed","sticky":false,"template":"Default","format":"standard","meta":{"footnotes":""},"categories":[7],"tags":[],"class_list":["post-266428","post","type-post","status-publish","format-standard","has-post-thumbnail","hentry","category-automobile-magazine"],"_links":{"self":[{"href":"https:\/\/www.evearly.news\/fr\/wp-json\/wp\/v2\/posts\/266428","targetHints":{"allow":["GET"]}}],"collection":[{"href":"https:\/\/www.evearly.news\/fr\/wp-json\/wp\/v2\/posts"}],"about":[{"href":"https:\/\/www.evearly.news\/fr\/wp-json\/wp\/v2\/types\/post"}],"author":[{"embeddable":true,"href":"https:\/\/www.evearly.news\/fr\/wp-json\/wp\/v2\/users\/7"}],"replies":[{"embeddable":true,"href":"https:\/\/www.evearly.news\/fr\/wp-json\/wp\/v2\/comments?post=266428"}],"version-history":[{"count":0,"href":"https:\/\/www.evearly.news\/fr\/wp-json\/wp\/v2\/posts\/266428\/revisions"}],"wp:featuredmedia":[{"embeddable":true,"href":"https:\/\/www.evearly.news\/fr\/wp-json\/wp\/v2\/media\/266429"}],"wp:attachment":[{"href":"https:\/\/www.evearly.news\/fr\/wp-json\/wp\/v2\/media?parent=266428"}],"wp:term":[{"taxonomy":"category","embeddable":true,"href":"https:\/\/www.evearly.news\/fr\/wp-json\/wp\/v2\/categories?post=266428"},{"taxonomy":"post_tag","embeddable":true,"href":"https:\/\/www.evearly.news\/fr\/wp-json\/wp\/v2\/tags?post=266428"}],"curies":[{"name":"wp","href":"https:\/\/api.w.org\/{rel}","templated":true}]}}