{"id":266527,"date":"2023-10-23T13:10:00","date_gmt":"2023-10-23T11:10:00","guid":{"rendered":"https:\/\/www.evearly.news\/fr\/controler-la-batterie-pourrait-devenir-obligatoire-pour-vendre-sa-voiture-electrique-doccasion\/"},"modified":"2023-10-23T13:10:00","modified_gmt":"2023-10-23T11:10:00","slug":"controler-la-batterie-pourrait-devenir-obligatoire-pour-vendre-sa-voiture-electrique-doccasion","status":"publish","type":"post","link":"https:\/\/www.evearly.news\/fr\/controler-la-batterie-pourrait-devenir-obligatoire-pour-vendre-sa-voiture-electrique-doccasion\/","title":{"rendered":"Contr\u00f4ler la batterie pourrait devenir obligatoire pour vendre sa voiture \u00e9lectrique d\u2019occasion"},"content":{"rendered":"<p><img width=\"1024\" height=\"576\" src=\"https:\/\/www.evearly.news\/fr\/wp-content\/uploads\/sites\/6\/2023\/10\/controler-la-batterie-pourrait-devenir-obligatoire-pour-vendre-sa-voiture-electrique-doccasion.jpg\" class=\"attachment-large size-large wp-post-image\" alt=\"\" decoding=\"async\" loading=\"lazy\" \/><br \/>\nTant que l&rsquo;\u00e9tat de sant\u00e9 des batteries (SOH) n&rsquo;est pas communiqu\u00e9 aux futurs acheteurs lors des ventes, le march\u00e9 de l&rsquo;occasion des voitures \u00e9lectriques pourraient p\u00e2tir de ce manque de transparence. Pourquoi ne pas le rendre obligatoire ? <a onClick='Showbrowser2();' href=\"https:\/\/www.numerama.com\/vroom\/1539228-controler-la-batterie-pourrait-devenir-obligatoire-pour-vendre-sa-voiture-electrique-doccasion.html\" target='bwindow' rel=\"noopener\">Lire la suite&#8230;<\/a><\/p>\n","protected":false},"excerpt":{"rendered":"<p>&#8230; <a class=\"continue-reading-link\" href=\"https:\/\/www.evearly.news\/fr\/controler-la-batterie-pourrait-devenir-obligatoire-pour-vendre-sa-voiture-electrique-doccasion\/\"><\/a><\/p>\n","protected":false},"author":16,"featured_media":266528,"comment_status":"closed","ping_status":"closed","sticky":false,"template":"Default","format":"standard","meta":{"footnotes":""},"categories":[17],"tags":[],"class_list":["post-266527","post","type-post","status-publish","format-standard","has-post-thumbnail","hentry","category-numerama"],"_links":{"self":[{"href":"https:\/\/www.evearly.news\/fr\/wp-json\/wp\/v2\/posts\/266527","targetHints":{"allow":["GET"]}}],"collection":[{"href":"https:\/\/www.evearly.news\/fr\/wp-json\/wp\/v2\/posts"}],"about":[{"href":"https:\/\/www.evearly.news\/fr\/wp-json\/wp\/v2\/types\/post"}],"author":[{"embeddable":true,"href":"https:\/\/www.evearly.news\/fr\/wp-json\/wp\/v2\/users\/16"}],"replies":[{"embeddable":true,"href":"https:\/\/www.evearly.news\/fr\/wp-json\/wp\/v2\/comments?post=266527"}],"version-history":[{"count":0,"href":"https:\/\/www.evearly.news\/fr\/wp-json\/wp\/v2\/posts\/266527\/revisions"}],"wp:featuredmedia":[{"embeddable":true,"href":"https:\/\/www.evearly.news\/fr\/wp-json\/wp\/v2\/media\/266528"}],"wp:attachment":[{"href":"https:\/\/www.evearly.news\/fr\/wp-json\/wp\/v2\/media?parent=266527"}],"wp:term":[{"taxonomy":"category","embeddable":true,"href":"https:\/\/www.evearly.news\/fr\/wp-json\/wp\/v2\/categories?post=266527"},{"taxonomy":"post_tag","embeddable":true,"href":"https:\/\/www.evearly.news\/fr\/wp-json\/wp\/v2\/tags?post=266527"}],"curies":[{"name":"wp","href":"https:\/\/api.w.org\/{rel}","templated":true}]}}