{"id":266856,"date":"2023-10-27T10:20:05","date_gmt":"2023-10-27T08:20:05","guid":{"rendered":"https:\/\/www.evearly.news\/fr\/le-volvo-ex30-fabrique-en-europe-des-2025-en-raison-dune-forte-demande\/"},"modified":"2023-10-27T10:20:05","modified_gmt":"2023-10-27T08:20:05","slug":"le-volvo-ex30-fabrique-en-europe-des-2025-en-raison-dune-forte-demande","status":"publish","type":"post","link":"https:\/\/www.evearly.news\/fr\/le-volvo-ex30-fabrique-en-europe-des-2025-en-raison-dune-forte-demande\/","title":{"rendered":"Le Volvo EX30 fabriqu\u00e9 en Europe d\u00e8s 2025 en raison d&rsquo;une \u00ab\u00a0forte demande\u00a0\u00bb"},"content":{"rendered":"<p><img decoding=\"async\" src=\"https:\/\/www.evearly.news\/fr\/wp-content\/uploads\/sites\/6\/2023\/10\/le-volvo-ex30-fabrique-en-europe-des-2025-en-raison-dune-forte-demande.webp\" alt=\"insideevs\"><br \/>Le mod\u00e8le est d\u00e9j\u00e0 entr\u00e9 en production en Chine. <a href=\"https:\/\/insideevs.fr\/news\/693382\/volvo-ex30-europe-belgique\/\" target=\"_blank\" rel=\"noopener\">Lire la suite&#8230;<\/a><\/p>\n","protected":false},"excerpt":{"rendered":"<p><img decoding=\"async\" src=\"https:\/\/www.evearly.news\/fr\/wp-content\/uploads\/sites\/6\/2023\/10\/le-volvo-ex30-fabrique-en-europe-des-2025-en-raison-dune-forte-demande.webp\" alt=\"insideevs\"><br \/>Le mod\u00e8le est d\u00e9j\u00e0 entr\u00e9 en production en Chine.<\/p>\n<p> <a class=\"continue-reading-link\" href=\"https:\/\/www.evearly.news\/fr\/le-volvo-ex30-fabrique-en-europe-des-2025-en-raison-dune-forte-demande\/\"><\/a><\/p>\n","protected":false},"author":14,"featured_media":266857,"comment_status":"closed","ping_status":"open","sticky":false,"template":"Default","format":"standard","meta":{"footnotes":""},"categories":[15],"tags":[],"class_list":["post-266856","post","type-post","status-publish","format-standard","has-post-thumbnail","hentry","category-insideevs"],"_links":{"self":[{"href":"https:\/\/www.evearly.news\/fr\/wp-json\/wp\/v2\/posts\/266856","targetHints":{"allow":["GET"]}}],"collection":[{"href":"https:\/\/www.evearly.news\/fr\/wp-json\/wp\/v2\/posts"}],"about":[{"href":"https:\/\/www.evearly.news\/fr\/wp-json\/wp\/v2\/types\/post"}],"author":[{"embeddable":true,"href":"https:\/\/www.evearly.news\/fr\/wp-json\/wp\/v2\/users\/14"}],"replies":[{"embeddable":true,"href":"https:\/\/www.evearly.news\/fr\/wp-json\/wp\/v2\/comments?post=266856"}],"version-history":[{"count":0,"href":"https:\/\/www.evearly.news\/fr\/wp-json\/wp\/v2\/posts\/266856\/revisions"}],"wp:featuredmedia":[{"embeddable":true,"href":"https:\/\/www.evearly.news\/fr\/wp-json\/wp\/v2\/media\/266857"}],"wp:attachment":[{"href":"https:\/\/www.evearly.news\/fr\/wp-json\/wp\/v2\/media?parent=266856"}],"wp:term":[{"taxonomy":"category","embeddable":true,"href":"https:\/\/www.evearly.news\/fr\/wp-json\/wp\/v2\/categories?post=266856"},{"taxonomy":"post_tag","embeddable":true,"href":"https:\/\/www.evearly.news\/fr\/wp-json\/wp\/v2\/tags?post=266856"}],"curies":[{"name":"wp","href":"https:\/\/api.w.org\/{rel}","templated":true}]}}