{"id":266866,"date":"2023-10-27T11:55:42","date_gmt":"2023-10-27T09:55:42","guid":{"rendered":"https:\/\/www.evearly.news\/fr\/266866-2\/"},"modified":"2023-10-27T15:23:07","modified_gmt":"2023-10-27T13:23:07","slug":"266866-2","status":"publish","type":"post","link":"https:\/\/www.evearly.news\/fr\/266866-2\/","title":{"rendered":"L\u2019Avere-France pr\u00e9sente son premier rapport semestriel sur le prix de la recharge publique"},"content":{"rendered":"<p><img decoding=\"async\" src=\"https:\/\/www.evearly.news\/fr\/wp-content\/uploads\/sites\/6\/2023\/10\/Countryman-768x525.png\" \/><br \/>\nAlors que de plus en plus de conducteurs adoptent la mobilit\u00e9 \u00e9lectrique, l\u2019Avere-France, en collaboration avec P3 Group, d\u00e9voile le premier rapport semestriel sur le prix de la recharge publique pour les v\u00e9hicules \u00e9lectriques. Ce rapport fournit une vision approfondie des tendances tarifaires dans le domaine de la recharge \u00e9lectrique en France, offrant aux utilisateurs des informations essentielles pour comprendre l\u2019\u00e9volution de leurs d\u00e9penses. <a href=\"https:\/\/www.avere-france.org\/rapport-lavere-france-presente-son-premier-rapport-semestriel-sur-le-prix-de-la-recharge-publique\/\" target=\"bwindow\" rel=\"noopener\">Lire la suite&#8230;<\/a><\/p>\n","protected":false},"excerpt":{"rendered":"<p>&#8230; <a class=\"continue-reading-link\" href=\"https:\/\/www.evearly.news\/fr\/266866-2\/\"><\/a><\/p>\n","protected":false},"author":10,"featured_media":266867,"comment_status":"closed","ping_status":"open","sticky":false,"template":"Default","format":"standard","meta":{"footnotes":""},"categories":[9],"tags":[],"class_list":["post-266866","post","type-post","status-publish","format-standard","has-post-thumbnail","hentry","category-avere-france"],"_links":{"self":[{"href":"https:\/\/www.evearly.news\/fr\/wp-json\/wp\/v2\/posts\/266866","targetHints":{"allow":["GET"]}}],"collection":[{"href":"https:\/\/www.evearly.news\/fr\/wp-json\/wp\/v2\/posts"}],"about":[{"href":"https:\/\/www.evearly.news\/fr\/wp-json\/wp\/v2\/types\/post"}],"author":[{"embeddable":true,"href":"https:\/\/www.evearly.news\/fr\/wp-json\/wp\/v2\/users\/10"}],"replies":[{"embeddable":true,"href":"https:\/\/www.evearly.news\/fr\/wp-json\/wp\/v2\/comments?post=266866"}],"version-history":[{"count":2,"href":"https:\/\/www.evearly.news\/fr\/wp-json\/wp\/v2\/posts\/266866\/revisions"}],"predecessor-version":[{"id":266877,"href":"https:\/\/www.evearly.news\/fr\/wp-json\/wp\/v2\/posts\/266866\/revisions\/266877"}],"wp:featuredmedia":[{"embeddable":true,"href":"https:\/\/www.evearly.news\/fr\/wp-json\/wp\/v2\/media\/266867"}],"wp:attachment":[{"href":"https:\/\/www.evearly.news\/fr\/wp-json\/wp\/v2\/media?parent=266866"}],"wp:term":[{"taxonomy":"category","embeddable":true,"href":"https:\/\/www.evearly.news\/fr\/wp-json\/wp\/v2\/categories?post=266866"},{"taxonomy":"post_tag","embeddable":true,"href":"https:\/\/www.evearly.news\/fr\/wp-json\/wp\/v2\/tags?post=266866"}],"curies":[{"name":"wp","href":"https:\/\/api.w.org\/{rel}","templated":true}]}}