{"id":266942,"date":"2023-10-29T17:51:32","date_gmt":"2023-10-29T16:51:32","guid":{"rendered":"https:\/\/www.evearly.news\/fr\/le-jamais-content-nissan-le-pionnier-de-lelectrique-bientot-bon-dernier\/"},"modified":"2023-10-29T17:51:32","modified_gmt":"2023-10-29T16:51:32","slug":"le-jamais-content-nissan-le-pionnier-de-lelectrique-bientot-bon-dernier","status":"publish","type":"post","link":"https:\/\/www.evearly.news\/fr\/le-jamais-content-nissan-le-pionnier-de-lelectrique-bientot-bon-dernier\/","title":{"rendered":"Le Jamais Content \u2013 Nissan, le pionnier de l\u2019\u00e9lectrique bient\u00f4t bon dernier ?"},"content":{"rendered":"<p><img decoding=\"async\" width=\"500\" height=\"333\" src=\"https:\/\/www.evearly.news\/fr\/wp-content\/uploads\/sites\/6\/2023\/10\/le-jamais-content-nissan-le-pionnier-de-lelectrique-bientot-bon-dernier.jpg\" class=\"attachment-1200x800 size-1200x800 wp-post-image\" alt=\"\" loading=\"lazy\" srcset=\"https:\/\/www.evearly.news\/fr\/wp-content\/uploads\/sites\/6\/2023\/10\/le-jamais-content-nissan-le-pionnier-de-lelectrique-bientot-bon-dernier.jpg 1500w, https:\/\/www.evearly.news\/fr\/wp-content\/uploads\/sites\/6\/2023\/10\/le-jamais-content-nissan-le-pionnier-de-lelectrique-bientot-bon-dernier-1.jpg 1024w, https:\/\/www.evearly.news\/fr\/wp-content\/uploads\/sites\/6\/2023\/10\/le-jamais-content-nissan-le-pionnier-de-lelectrique-bientot-bon-dernier-2.jpg 768w, https:\/\/cdn.automobile-propre.com\/uploads\/2023\/10\/230928_Nissan_JMS2023_Group_Shot_4k-source-620x349.jpg 620w\" sizes=\"auto, (max-width: 1200px) 100vw, 1200px\" \/><br \/>\nEn lan\u00e7ant d\u00e8s 2010 la Leaf, Nissan a pris\u00a0une r\u00e9elle avance sur le march\u00e9 de l&rsquo;\u00e9lectrique. Mais il n\u2019a pas\u2026 <a href=\"https:\/\/www.automobile-propre.com\/le-jamais-content-nissan-le-pionnier-de-lelectrique-bientot-bon-dernier\/\" target='bwindow' rel=\"noopener\">Lire la suite&#8230;<\/a><\/p>\n","protected":false},"excerpt":{"rendered":"<p>En lan\u00e7ant d\u00e8s 2010 la Leaf, Nissan a pris\u00a0une r\u00e9elle avance sur le march\u00e9 de l&rsquo;\u00e9lectrique. Mais il n\u2019a pas\u2026<\/p>\n<p> Lire la suite&#8230;&#8230; <a class=\"continue-reading-link\" href=\"https:\/\/www.evearly.news\/fr\/le-jamais-content-nissan-le-pionnier-de-lelectrique-bientot-bon-dernier\/\"><\/a><\/p>\n","protected":false},"author":8,"featured_media":266943,"comment_status":"closed","ping_status":"open","sticky":false,"template":"Default","format":"standard","meta":{"footnotes":""},"categories":[8],"tags":[],"class_list":["post-266942","post","type-post","status-publish","format-standard","has-post-thumbnail","hentry","category-automobile-propre"],"_links":{"self":[{"href":"https:\/\/www.evearly.news\/fr\/wp-json\/wp\/v2\/posts\/266942","targetHints":{"allow":["GET"]}}],"collection":[{"href":"https:\/\/www.evearly.news\/fr\/wp-json\/wp\/v2\/posts"}],"about":[{"href":"https:\/\/www.evearly.news\/fr\/wp-json\/wp\/v2\/types\/post"}],"author":[{"embeddable":true,"href":"https:\/\/www.evearly.news\/fr\/wp-json\/wp\/v2\/users\/8"}],"replies":[{"embeddable":true,"href":"https:\/\/www.evearly.news\/fr\/wp-json\/wp\/v2\/comments?post=266942"}],"version-history":[{"count":0,"href":"https:\/\/www.evearly.news\/fr\/wp-json\/wp\/v2\/posts\/266942\/revisions"}],"wp:featuredmedia":[{"embeddable":true,"href":"https:\/\/www.evearly.news\/fr\/wp-json\/wp\/v2\/media\/266943"}],"wp:attachment":[{"href":"https:\/\/www.evearly.news\/fr\/wp-json\/wp\/v2\/media?parent=266942"}],"wp:term":[{"taxonomy":"category","embeddable":true,"href":"https:\/\/www.evearly.news\/fr\/wp-json\/wp\/v2\/categories?post=266942"},{"taxonomy":"post_tag","embeddable":true,"href":"https:\/\/www.evearly.news\/fr\/wp-json\/wp\/v2\/tags?post=266942"}],"curies":[{"name":"wp","href":"https:\/\/api.w.org\/{rel}","templated":true}]}}