{"id":266944,"date":"2023-10-29T18:51:01","date_gmt":"2023-10-29T17:51:01","guid":{"rendered":"https:\/\/www.evearly.news\/fr\/le-podcast-automobile-propre-evolue-avec-ces-2-nouveautes\/"},"modified":"2023-10-29T18:51:01","modified_gmt":"2023-10-29T17:51:01","slug":"le-podcast-automobile-propre-evolue-avec-ces-2-nouveautes","status":"publish","type":"post","link":"https:\/\/www.evearly.news\/fr\/le-podcast-automobile-propre-evolue-avec-ces-2-nouveautes\/","title":{"rendered":"Le podcast Automobile Propre \u00e9volue avec ces 2 nouveaut\u00e9s"},"content":{"rendered":"<p><img loading=\"lazy\" decoding=\"async\" width=\"500\" height=\"333\" src=\"https:\/\/www.evearly.news\/fr\/wp-content\/uploads\/sites\/6\/2023\/10\/le-podcast-automobile-propre-evolue-avec-ces-2-nouveautes.png\" class=\"attachment-1200x800 size-1200x800 wp-post-image\" alt=\"Podcast Automobile Propre\" srcset=\"https:\/\/www.evearly.news\/fr\/wp-content\/uploads\/sites\/6\/2023\/10\/le-podcast-automobile-propre-evolue-avec-ces-2-nouveautes.png 1200w, https:\/\/www.evearly.news\/fr\/wp-content\/uploads\/sites\/6\/2023\/10\/le-podcast-automobile-propre-evolue-avec-ces-2-nouveautes-1.png 1024w, https:\/\/www.evearly.news\/fr\/wp-content\/uploads\/sites\/6\/2023\/10\/le-podcast-automobile-propre-evolue-avec-ces-2-nouveautes-2.png 768w, https:\/\/cdn.automobile-propre.com\/uploads\/2023\/10\/chapitres-podcast-AP-620x261.png 620w\" sizes=\"auto, (max-width: 1200px) 100vw, 1200px\" \/><br \/>\nEn pr\u00e9ambule d&rsquo;une nouvelle version qui arrive dans les prochains jours, le podcast Automobile Propre \u00e9volue avec deux nouveaut\u00e9s destin\u00e9es \u00e0 faciliter son \u00e9coute et les interactions avec notre \u00e9quipe. <a href=\"https:\/\/www.automobile-propre.com\/le-podcast-automobile-propre-evolue-avec-ces-2-nouveautes\/\" target='bwindow' rel=\"noopener\">Lire la suite&#8230;<\/a><\/p>\n","protected":false},"excerpt":{"rendered":"<p>En pr\u00e9ambule d&rsquo;une nouvelle version qui arrive dans les prochains jours, le podcast Automobile Propre \u00e9volue avec deux nouveaut\u00e9s destin\u00e9es \u00e0 faciliter son \u00e9coute et les interactions avec notre \u00e9quipe.<\/p>\n<p> Lire la suite&#8230;&#8230; <a class=\"continue-reading-link\" href=\"https:\/\/www.evearly.news\/fr\/le-podcast-automobile-propre-evolue-avec-ces-2-nouveautes\/\"><\/a><\/p>\n","protected":false},"author":8,"featured_media":266945,"comment_status":"closed","ping_status":"open","sticky":false,"template":"Default","format":"standard","meta":{"footnotes":""},"categories":[8],"tags":[],"class_list":["post-266944","post","type-post","status-publish","format-standard","has-post-thumbnail","hentry","category-automobile-propre"],"_links":{"self":[{"href":"https:\/\/www.evearly.news\/fr\/wp-json\/wp\/v2\/posts\/266944","targetHints":{"allow":["GET"]}}],"collection":[{"href":"https:\/\/www.evearly.news\/fr\/wp-json\/wp\/v2\/posts"}],"about":[{"href":"https:\/\/www.evearly.news\/fr\/wp-json\/wp\/v2\/types\/post"}],"author":[{"embeddable":true,"href":"https:\/\/www.evearly.news\/fr\/wp-json\/wp\/v2\/users\/8"}],"replies":[{"embeddable":true,"href":"https:\/\/www.evearly.news\/fr\/wp-json\/wp\/v2\/comments?post=266944"}],"version-history":[{"count":0,"href":"https:\/\/www.evearly.news\/fr\/wp-json\/wp\/v2\/posts\/266944\/revisions"}],"wp:featuredmedia":[{"embeddable":true,"href":"https:\/\/www.evearly.news\/fr\/wp-json\/wp\/v2\/media\/266945"}],"wp:attachment":[{"href":"https:\/\/www.evearly.news\/fr\/wp-json\/wp\/v2\/media?parent=266944"}],"wp:term":[{"taxonomy":"category","embeddable":true,"href":"https:\/\/www.evearly.news\/fr\/wp-json\/wp\/v2\/categories?post=266944"},{"taxonomy":"post_tag","embeddable":true,"href":"https:\/\/www.evearly.news\/fr\/wp-json\/wp\/v2\/tags?post=266944"}],"curies":[{"name":"wp","href":"https:\/\/api.w.org\/{rel}","templated":true}]}}