{"id":267006,"date":"2023-10-30T19:21:35","date_gmt":"2023-10-30T18:21:35","guid":{"rendered":"https:\/\/www.evearly.news\/fr\/hertz-est-le-grand-perdant-des-baisses-de-prix-chez-tesla\/"},"modified":"2023-10-30T19:21:35","modified_gmt":"2023-10-30T18:21:35","slug":"hertz-est-le-grand-perdant-des-baisses-de-prix-chez-tesla","status":"publish","type":"post","link":"https:\/\/www.evearly.news\/fr\/hertz-est-le-grand-perdant-des-baisses-de-prix-chez-tesla\/","title":{"rendered":"Hertz est le grand perdant des baisses de prix chez Tesla"},"content":{"rendered":"<p><img loading=\"lazy\" decoding=\"async\" width=\"500\" height=\"333\" src=\"https:\/\/www.evearly.news\/fr\/wp-content\/uploads\/sites\/6\/2023\/10\/hertz-est-le-grand-perdant-des-baisses-de-prix-chez-tesla.jpg\" class=\"attachment-1200x800 size-1200x800 wp-post-image\" alt=\"Location Tesla Hertz\" srcset=\"https:\/\/www.evearly.news\/fr\/wp-content\/uploads\/sites\/6\/2023\/10\/hertz-est-le-grand-perdant-des-baisses-de-prix-chez-tesla.jpg 1200w, https:\/\/www.evearly.news\/fr\/wp-content\/uploads\/sites\/6\/2023\/10\/hertz-est-le-grand-perdant-des-baisses-de-prix-chez-tesla-1.jpg 1024w, https:\/\/www.evearly.news\/fr\/wp-content\/uploads\/sites\/6\/2023\/10\/hertz-est-le-grand-perdant-des-baisses-de-prix-chez-tesla-2.jpg 768w, https:\/\/cdn.automobile-propre.com\/uploads\/2021\/10\/Tesla-Hertz-620x349.jpg 620w\" sizes=\"auto, (max-width: 1200px) 100vw, 1200px\" \/><br \/>\nLes baisses de prix chez Tesla, qui ravissent les particuliers, ne font pas le bonheur de tous. Le loueur Hertz a r\u00e9v\u00e9l\u00e9 que cela l&rsquo;impacte gravement sur le plan financier. <a href=\"https:\/\/www.automobile-propre.com\/breves\/hertz-est-le-grand-perdant-des-baisses-de-prix-chez-tesla\/\" target='bwindow' rel=\"noopener\">Lire la suite&#8230;<\/a><\/p>\n","protected":false},"excerpt":{"rendered":"<p>Les baisses de prix chez Tesla, qui ravissent les particuliers, ne font pas le bonheur de tous. Le loueur Hertz a r\u00e9v\u00e9l\u00e9 que cela l&rsquo;impacte gravement sur le plan financier.<\/p>\n<p> Lire la suite&#8230;&#8230; <a class=\"continue-reading-link\" href=\"https:\/\/www.evearly.news\/fr\/hertz-est-le-grand-perdant-des-baisses-de-prix-chez-tesla\/\"><\/a><\/p>\n","protected":false},"author":8,"featured_media":267007,"comment_status":"closed","ping_status":"open","sticky":false,"template":"Default","format":"standard","meta":{"footnotes":""},"categories":[8],"tags":[],"class_list":["post-267006","post","type-post","status-publish","format-standard","has-post-thumbnail","hentry","category-automobile-propre"],"_links":{"self":[{"href":"https:\/\/www.evearly.news\/fr\/wp-json\/wp\/v2\/posts\/267006","targetHints":{"allow":["GET"]}}],"collection":[{"href":"https:\/\/www.evearly.news\/fr\/wp-json\/wp\/v2\/posts"}],"about":[{"href":"https:\/\/www.evearly.news\/fr\/wp-json\/wp\/v2\/types\/post"}],"author":[{"embeddable":true,"href":"https:\/\/www.evearly.news\/fr\/wp-json\/wp\/v2\/users\/8"}],"replies":[{"embeddable":true,"href":"https:\/\/www.evearly.news\/fr\/wp-json\/wp\/v2\/comments?post=267006"}],"version-history":[{"count":0,"href":"https:\/\/www.evearly.news\/fr\/wp-json\/wp\/v2\/posts\/267006\/revisions"}],"wp:featuredmedia":[{"embeddable":true,"href":"https:\/\/www.evearly.news\/fr\/wp-json\/wp\/v2\/media\/267007"}],"wp:attachment":[{"href":"https:\/\/www.evearly.news\/fr\/wp-json\/wp\/v2\/media?parent=267006"}],"wp:term":[{"taxonomy":"category","embeddable":true,"href":"https:\/\/www.evearly.news\/fr\/wp-json\/wp\/v2\/categories?post=267006"},{"taxonomy":"post_tag","embeddable":true,"href":"https:\/\/www.evearly.news\/fr\/wp-json\/wp\/v2\/tags?post=267006"}],"curies":[{"name":"wp","href":"https:\/\/api.w.org\/{rel}","templated":true}]}}