{"id":267024,"date":"2023-10-31T09:50:05","date_gmt":"2023-10-31T08:50:05","guid":{"rendered":"https:\/\/www.evearly.news\/fr\/volkswagen-voit-ses-commandes-de-voitures-electriques-plonger\/"},"modified":"2023-10-31T09:50:05","modified_gmt":"2023-10-31T08:50:05","slug":"volkswagen-voit-ses-commandes-de-voitures-electriques-plonger","status":"publish","type":"post","link":"https:\/\/www.evearly.news\/fr\/volkswagen-voit-ses-commandes-de-voitures-electriques-plonger\/","title":{"rendered":"Volkswagen voit ses commandes de voitures \u00e9lectriques plonger"},"content":{"rendered":"<p><img decoding=\"async\" src=\"https:\/\/www.evearly.news\/fr\/wp-content\/uploads\/sites\/6\/2023\/10\/volkswagen-voit-ses-commandes-de-voitures-electriques-plonger.jpg\"\/> En Europe, les commandes de voitures \u00e9lectriques ont recul\u00e9 de la moiti\u00e9 chez Volkswagen. D\u00e9cid\u00e9mment, la marque allemande peine \u00e0 convaincre la client\u00e8le avec ses autos \u00e0 z\u00e9ro \u00e9missions. <a href=\"https:\/\/www.caradisiac.com\/volkswagen-voit-ses-commandes-de-voitures-electriques-plonger-205291.htm#xtor=RSS-40\" target=\"blank\" rel=\"noopener\">Lire la suite&#8230;<\/a><\/p>\n","protected":false},"excerpt":{"rendered":"<p><img decoding=\"async\" src=\"https:\/\/www.evearly.news\/fr\/wp-content\/uploads\/sites\/6\/2023\/10\/volkswagen-voit-ses-commandes-de-voitures-electriques-plonger.jpg\" \/><br \/>\n\t\t\t\t\tEn Europe, les commandes de voitures \u00e9lectriques ont recul\u00e9 de la moiti\u00e9 chez Volkswagen. D\u00e9cid\u00e9mment, la marque allemande peine \u00e0 convaincre la client\u00e8le avec ses autos \u00e0 z\u00e9ro \u00e9missions.<\/p>\n<p> <a class=\"continue-reading-link\" href=\"https:\/\/www.evearly.news\/fr\/volkswagen-voit-ses-commandes-de-voitures-electriques-plonger\/\"><\/a><\/p>\n","protected":false},"author":11,"featured_media":267025,"comment_status":"closed","ping_status":"open","sticky":false,"template":"Default","format":"standard","meta":{"footnotes":""},"categories":[11],"tags":[],"class_list":["post-267024","post","type-post","status-publish","format-standard","has-post-thumbnail","hentry","category-caradisiac"],"_links":{"self":[{"href":"https:\/\/www.evearly.news\/fr\/wp-json\/wp\/v2\/posts\/267024","targetHints":{"allow":["GET"]}}],"collection":[{"href":"https:\/\/www.evearly.news\/fr\/wp-json\/wp\/v2\/posts"}],"about":[{"href":"https:\/\/www.evearly.news\/fr\/wp-json\/wp\/v2\/types\/post"}],"author":[{"embeddable":true,"href":"https:\/\/www.evearly.news\/fr\/wp-json\/wp\/v2\/users\/11"}],"replies":[{"embeddable":true,"href":"https:\/\/www.evearly.news\/fr\/wp-json\/wp\/v2\/comments?post=267024"}],"version-history":[{"count":0,"href":"https:\/\/www.evearly.news\/fr\/wp-json\/wp\/v2\/posts\/267024\/revisions"}],"wp:featuredmedia":[{"embeddable":true,"href":"https:\/\/www.evearly.news\/fr\/wp-json\/wp\/v2\/media\/267025"}],"wp:attachment":[{"href":"https:\/\/www.evearly.news\/fr\/wp-json\/wp\/v2\/media?parent=267024"}],"wp:term":[{"taxonomy":"category","embeddable":true,"href":"https:\/\/www.evearly.news\/fr\/wp-json\/wp\/v2\/categories?post=267024"},{"taxonomy":"post_tag","embeddable":true,"href":"https:\/\/www.evearly.news\/fr\/wp-json\/wp\/v2\/tags?post=267024"}],"curies":[{"name":"wp","href":"https:\/\/api.w.org\/{rel}","templated":true}]}}