{"id":267028,"date":"2023-10-31T09:56:24","date_gmt":"2023-10-31T08:56:24","guid":{"rendered":"https:\/\/www.evearly.news\/fr\/267028-2\/"},"modified":"2023-10-31T22:04:00","modified_gmt":"2023-10-31T21:04:00","slug":"267028-2","status":"publish","type":"post","link":"https:\/\/www.evearly.news\/fr\/267028-2\/","title":{"rendered":"La mobilit\u00e9 \u00e9lectrique, un enjeu majeur pour les territoires"},"content":{"rendered":"<p><img decoding=\"async\" src=\"https:\/\/www.avere-france.org\/wp-content\/uploads\/site\/articles\/1635260583a87ff679a2f3e71d9181a67b754212.jpg\" \/><br \/>\nComme depuis de nombreuses ann\u00e9es, l\u2019Avere-France, l\u2019association nationale pour le d\u00e9veloppement de la mobilit\u00e9 \u00e9lectrique, sera pr\u00e9sente au Salon des Maires et des Collectivit\u00e9s Locales, du 21 au 23 novembre 2023, \u00e0 Paris, Porte de Versailles. Afin de repr\u00e9senter au mieux l\u2019\u00e9cosyst\u00e8me de la mobilit\u00e9 \u00e9lectrique, elle sera accompagn\u00e9e par 17 de ses adh\u00e9rents ainsi que par le programme Advenir qu\u2019elle pilote. <a href=\"https:\/\/www.avere-france.org\/lavere-france-sera-au-salon-des-maires-et-des-collectivites-locales-du-21-au-23-novembre-2023-a-paris-porte-de-versailles\/\" target=\"bwindow\" rel=\"noopener\">Lire la suite&#8230;<\/a><\/p>\n","protected":false},"excerpt":{"rendered":"<p>&#8230; <a class=\"continue-reading-link\" href=\"https:\/\/www.evearly.news\/fr\/267028-2\/\"><\/a><\/p>\n","protected":false},"author":10,"featured_media":0,"comment_status":"closed","ping_status":"open","sticky":false,"template":"Default","format":"standard","meta":{"footnotes":""},"categories":[9],"tags":[],"class_list":["post-267028","post","type-post","status-publish","format-standard","hentry","category-avere-france"],"_links":{"self":[{"href":"https:\/\/www.evearly.news\/fr\/wp-json\/wp\/v2\/posts\/267028","targetHints":{"allow":["GET"]}}],"collection":[{"href":"https:\/\/www.evearly.news\/fr\/wp-json\/wp\/v2\/posts"}],"about":[{"href":"https:\/\/www.evearly.news\/fr\/wp-json\/wp\/v2\/types\/post"}],"author":[{"embeddable":true,"href":"https:\/\/www.evearly.news\/fr\/wp-json\/wp\/v2\/users\/10"}],"replies":[{"embeddable":true,"href":"https:\/\/www.evearly.news\/fr\/wp-json\/wp\/v2\/comments?post=267028"}],"version-history":[{"count":2,"href":"https:\/\/www.evearly.news\/fr\/wp-json\/wp\/v2\/posts\/267028\/revisions"}],"predecessor-version":[{"id":267075,"href":"https:\/\/www.evearly.news\/fr\/wp-json\/wp\/v2\/posts\/267028\/revisions\/267075"}],"wp:attachment":[{"href":"https:\/\/www.evearly.news\/fr\/wp-json\/wp\/v2\/media?parent=267028"}],"wp:term":[{"taxonomy":"category","embeddable":true,"href":"https:\/\/www.evearly.news\/fr\/wp-json\/wp\/v2\/categories?post=267028"},{"taxonomy":"post_tag","embeddable":true,"href":"https:\/\/www.evearly.news\/fr\/wp-json\/wp\/v2\/tags?post=267028"}],"curies":[{"name":"wp","href":"https:\/\/api.w.org\/{rel}","templated":true}]}}