{"id":267029,"date":"2023-10-31T10:20:07","date_gmt":"2023-10-31T09:20:07","guid":{"rendered":"https:\/\/www.evearly.news\/fr\/bmw-group-logistik-teste-une-semi-remorque-electrique-trailer-dynamics\/"},"modified":"2023-10-31T10:20:07","modified_gmt":"2023-10-31T09:20:07","slug":"bmw-group-logistik-teste-une-semi-remorque-electrique-trailer-dynamics","status":"publish","type":"post","link":"https:\/\/www.evearly.news\/fr\/bmw-group-logistik-teste-une-semi-remorque-electrique-trailer-dynamics\/","title":{"rendered":"BMW Group Logistik teste une semi-remorque \u00e9lectrique Trailer Dynamics"},"content":{"rendered":"<p><img width=\"1000\" height=\"563\" src=\"https:\/\/www.evearly.news\/fr\/wp-content\/uploads\/sites\/6\/2023\/10\/bmw-group-logistik-teste-une-semi-remorque-electrique-trailer-dynamics.jpg\" class=\"attachment-post-thumbnail size-post-thumbnail wp-post-image\" alt=\"Remorque \u00e9lectrique de Trailer Dynamics\" decoding=\"async\" fetchpriority=\"high\" srcset=\"https:\/\/www.evearly.news\/fr\/wp-content\/uploads\/sites\/6\/2023\/10\/bmw-group-logistik-teste-une-semi-remorque-electrique-trailer-dynamics.jpg 1000w, https:\/\/www.evearly.news\/fr\/wp-content\/uploads\/sites\/6\/2023\/10\/bmw-group-logistik-teste-une-semi-remorque-electrique-trailer-dynamics-1.jpg 300w, https:\/\/www.evearly.news\/fr\/wp-content\/uploads\/sites\/6\/2023\/10\/bmw-group-logistik-teste-une-semi-remorque-electrique-trailer-dynamics-2.jpg 998w, https:\/\/www.avem.fr\/wp-content\/uploads\/2023\/10\/ACTD1031_BMWRemorqElec-768x432.jpg 768w\" sizes=\"(max-width: 1000px) 100vw, 1000px\" \/>Coupl\u00e9e \u00e0 un tracteur routier diesel ou \u00e9lectrique, la semi-remorque mise au point par Trailer Dynamics a \u00e9t\u00e9 \u00e9valu\u00e9e sur sept jours dans diff\u00e9rentes situations r\u00e9elles, avec de bons r\u00e9sultats. \u00a0 Des mod\u00e8les concurrents Nous avons pr\u00e9sent\u00e9 en septembre dernier le nouveau moteur \u00e9lectrique que l\u2019\u00e9quipementier allemand ZF destine \u00e0 [\u2026] <a href=\"https:\/\/www.avem.fr\/2023\/10\/31\/bmw-group-logistik-teste-une-semi-remorque-electrique\/\" target=\"blank\" rel=\"noopener\">Lire la suite&#8230;<\/a><\/p>\n","protected":false},"excerpt":{"rendered":"<p><img loading=\"lazy\" decoding=\"async\" width=\"1000\" height=\"563\" src=\"https:\/\/www.evearly.news\/fr\/wp-content\/uploads\/sites\/6\/2023\/10\/bmw-group-logistik-teste-une-semi-remorque-electrique-trailer-dynamics.jpg\" class=\"attachment-post-thumbnail size-post-thumbnail wp-post-image\" alt=\"Remorque \u00e9lectrique de Trailer Dynamics\" \/>Coupl\u00e9e \u00e0 un tracteur routier diesel ou \u00e9lectrique, la semi-remorque mise au point par Trailer Dynamics a \u00e9t\u00e9 \u00e9valu\u00e9e sur sept jours dans diff\u00e9rentes situations r\u00e9elles, avec de bons r\u00e9sultats. \u00a0 Des mod\u00e8les concurrents Nous avons pr\u00e9sent\u00e9 en septembre dernier le nouveau moteur \u00e9lectrique que l\u2019\u00e9quipementier allemand ZF destine \u00e0 [\u2026] <a class=\"continue-reading-link\" href=\"https:\/\/www.evearly.news\/fr\/bmw-group-logistik-teste-une-semi-remorque-electrique-trailer-dynamics\/\"><\/a><\/p>\n","protected":false},"author":3,"featured_media":267030,"comment_status":"closed","ping_status":"open","sticky":false,"template":"Default","format":"standard","meta":{"footnotes":""},"categories":[3],"tags":[],"class_list":["post-267029","post","type-post","status-publish","format-standard","has-post-thumbnail","hentry","category-avem"],"_links":{"self":[{"href":"https:\/\/www.evearly.news\/fr\/wp-json\/wp\/v2\/posts\/267029","targetHints":{"allow":["GET"]}}],"collection":[{"href":"https:\/\/www.evearly.news\/fr\/wp-json\/wp\/v2\/posts"}],"about":[{"href":"https:\/\/www.evearly.news\/fr\/wp-json\/wp\/v2\/types\/post"}],"author":[{"embeddable":true,"href":"https:\/\/www.evearly.news\/fr\/wp-json\/wp\/v2\/users\/3"}],"replies":[{"embeddable":true,"href":"https:\/\/www.evearly.news\/fr\/wp-json\/wp\/v2\/comments?post=267029"}],"version-history":[{"count":0,"href":"https:\/\/www.evearly.news\/fr\/wp-json\/wp\/v2\/posts\/267029\/revisions"}],"wp:featuredmedia":[{"embeddable":true,"href":"https:\/\/www.evearly.news\/fr\/wp-json\/wp\/v2\/media\/267030"}],"wp:attachment":[{"href":"https:\/\/www.evearly.news\/fr\/wp-json\/wp\/v2\/media?parent=267029"}],"wp:term":[{"taxonomy":"category","embeddable":true,"href":"https:\/\/www.evearly.news\/fr\/wp-json\/wp\/v2\/categories?post=267029"},{"taxonomy":"post_tag","embeddable":true,"href":"https:\/\/www.evearly.news\/fr\/wp-json\/wp\/v2\/tags?post=267029"}],"curies":[{"name":"wp","href":"https:\/\/api.w.org\/{rel}","templated":true}]}}