{"id":267031,"date":"2023-10-31T10:20:23","date_gmt":"2023-10-31T09:20:23","guid":{"rendered":"https:\/\/www.evearly.news\/fr\/mobilite-electrique-en-entreprise-nelson-noue-un-partenariat-avec-monta\/"},"modified":"2023-10-31T10:20:23","modified_gmt":"2023-10-31T09:20:23","slug":"mobilite-electrique-en-entreprise-nelson-noue-un-partenariat-avec-monta","status":"publish","type":"post","link":"https:\/\/www.evearly.news\/fr\/mobilite-electrique-en-entreprise-nelson-noue-un-partenariat-avec-monta\/","title":{"rendered":"Mobilit\u00e9 \u00e9lectrique en entreprise : Nelson noue un partenariat avec Monta"},"content":{"rendered":"<p><img loading=\"lazy\" width=\"1000\" height=\"563\" src=\"https:\/\/www.evearly.news\/fr\/wp-content\/uploads\/sites\/6\/2023\/10\/mobilite-electrique-en-entreprise-nelson-noue-un-partenariat-avec-monta.png\" class=\"attachment-post-thumbnail size-post-thumbnail wp-post-image\" alt=\"Nelson Monta mobilit\u00e9 \u00e9lectrique\" decoding=\"async\" srcset=\"https:\/\/www.evearly.news\/fr\/wp-content\/uploads\/sites\/6\/2023\/10\/mobilite-electrique-en-entreprise-nelson-noue-un-partenariat-avec-monta.png 1000w, https:\/\/www.evearly.news\/fr\/wp-content\/uploads\/sites\/6\/2023\/10\/mobilite-electrique-en-entreprise-nelson-noue-un-partenariat-avec-monta-1.png 300w, https:\/\/www.evearly.news\/fr\/wp-content\/uploads\/sites\/6\/2023\/10\/mobilite-electrique-en-entreprise-nelson-noue-un-partenariat-avec-monta-2.png 998w, https:\/\/www.avem.fr\/wp-content\/uploads\/2023\/10\/Visuel-pour-article-1-12-768x432.png 768w\" sizes=\"auto, (max-width: 1000px) 100vw, 1000px\" \/>Alors qu\u2019adopter l\u2019\u00e9lectrique pour les voitures de fonction et de service devient un enjeu important pour tous les acteurs \u00e9conomiques, les start up Monta et Nelson ont nou\u00e9 un partenariat pour favoriser la mobilit\u00e9 \u00e9lectrique en entreprise. L\u2019objectif est de faire b\u00e9n\u00e9ficier les entreprises de leur expertise compl\u00e9mentaire et de [\u2026] <a href=\"https:\/\/www.avem.fr\/2023\/10\/30\/mobilite-electrique-en-entreprise-nelson-noue-un-partenariat-avec-monta\/\" target=\"blank\" rel=\"noopener\">Lire la suite&#8230;<\/a><\/p>\n","protected":false},"excerpt":{"rendered":"<p><img loading=\"lazy\" decoding=\"async\" width=\"1000\" height=\"563\" src=\"https:\/\/www.evearly.news\/fr\/wp-content\/uploads\/sites\/6\/2023\/10\/mobilite-electrique-en-entreprise-nelson-noue-un-partenariat-avec-monta.png\" class=\"attachment-post-thumbnail size-post-thumbnail wp-post-image\" alt=\"Nelson Monta mobilit\u00e9 \u00e9lectrique\" \/>Alors qu\u2019adopter l\u2019\u00e9lectrique pour les voitures de fonction et de service devient un enjeu important pour tous les acteurs \u00e9conomiques, les start up Monta et Nelson ont nou\u00e9 un partenariat pour favoriser la mobilit\u00e9 \u00e9lectrique en entreprise. L\u2019objectif est de faire b\u00e9n\u00e9ficier les entreprises de leur expertise compl\u00e9mentaire et de [\u2026] <a class=\"continue-reading-link\" href=\"https:\/\/www.evearly.news\/fr\/mobilite-electrique-en-entreprise-nelson-noue-un-partenariat-avec-monta\/\"><\/a><\/p>\n","protected":false},"author":3,"featured_media":267032,"comment_status":"closed","ping_status":"open","sticky":false,"template":"Default","format":"standard","meta":{"footnotes":""},"categories":[3],"tags":[],"class_list":["post-267031","post","type-post","status-publish","format-standard","has-post-thumbnail","hentry","category-avem"],"_links":{"self":[{"href":"https:\/\/www.evearly.news\/fr\/wp-json\/wp\/v2\/posts\/267031","targetHints":{"allow":["GET"]}}],"collection":[{"href":"https:\/\/www.evearly.news\/fr\/wp-json\/wp\/v2\/posts"}],"about":[{"href":"https:\/\/www.evearly.news\/fr\/wp-json\/wp\/v2\/types\/post"}],"author":[{"embeddable":true,"href":"https:\/\/www.evearly.news\/fr\/wp-json\/wp\/v2\/users\/3"}],"replies":[{"embeddable":true,"href":"https:\/\/www.evearly.news\/fr\/wp-json\/wp\/v2\/comments?post=267031"}],"version-history":[{"count":0,"href":"https:\/\/www.evearly.news\/fr\/wp-json\/wp\/v2\/posts\/267031\/revisions"}],"wp:featuredmedia":[{"embeddable":true,"href":"https:\/\/www.evearly.news\/fr\/wp-json\/wp\/v2\/media\/267032"}],"wp:attachment":[{"href":"https:\/\/www.evearly.news\/fr\/wp-json\/wp\/v2\/media?parent=267031"}],"wp:term":[{"taxonomy":"category","embeddable":true,"href":"https:\/\/www.evearly.news\/fr\/wp-json\/wp\/v2\/categories?post=267031"},{"taxonomy":"post_tag","embeddable":true,"href":"https:\/\/www.evearly.news\/fr\/wp-json\/wp\/v2\/tags?post=267031"}],"curies":[{"name":"wp","href":"https:\/\/api.w.org\/{rel}","templated":true}]}}