{"id":267119,"date":"2023-11-01T18:21:28","date_gmt":"2023-11-01T17:21:28","guid":{"rendered":"https:\/\/www.evearly.news\/fr\/temoignage-paulo-a-abandonne-sa-renault-zoe-pour-une-smart-1\/"},"modified":"2023-11-01T18:21:28","modified_gmt":"2023-11-01T17:21:28","slug":"temoignage-paulo-a-abandonne-sa-renault-zoe-pour-une-smart-1","status":"publish","type":"post","link":"https:\/\/www.evearly.news\/fr\/temoignage-paulo-a-abandonne-sa-renault-zoe-pour-une-smart-1\/","title":{"rendered":"T\u00e9moignage \u2013 Paulo a abandonn\u00e9 sa Renault Zo\u00e9 pour une Smart #1"},"content":{"rendered":"<p><img decoding=\"async\" width=\"500\" height=\"333\" src=\"https:\/\/www.evearly.news\/fr\/wp-content\/uploads\/sites\/6\/2023\/11\/temoignage-paulo-a-abandonne-sa-renault-zoe-pour-une-smart-1.png\" class=\"attachment-1200x800 size-1200x800 wp-post-image\" alt=\"\" loading=\"lazy\" srcset=\"https:\/\/www.evearly.news\/fr\/wp-content\/uploads\/sites\/6\/2023\/11\/temoignage-paulo-a-abandonne-sa-renault-zoe-pour-une-smart-1.png 1600w, https:\/\/www.evearly.news\/fr\/wp-content\/uploads\/sites\/6\/2023\/11\/temoignage-paulo-a-abandonne-sa-renault-zoe-pour-une-smart-1-1.png 1024w, https:\/\/www.evearly.news\/fr\/wp-content\/uploads\/sites\/6\/2023\/11\/temoignage-paulo-a-abandonne-sa-renault-zoe-pour-une-smart-1-2.png 768w, https:\/\/www.evearly.news\/fr\/wp-content\/uploads\/sites\/6\/2023\/11\/temoignage-paulo-a-abandonne-sa-renault-zoe-pour-une-smart-1-3.png 1536w, https:\/\/cdn.automobile-propre.com\/uploads\/2023\/11\/Temoignage-Smart-1-551x413.png 551w\" sizes=\"auto, (max-width: 1067px) 100vw, 1067px\" \/><br \/>\nRe\u00e7ue d\u00e9but ao\u00fbt, la Smart #1 de Paulo a d\u00e9j\u00e0 aval\u00e9 plus de 6 600 km, en partie sur les\u2026 <a href=\"https:\/\/www.automobile-propre.com\/temoignage-paulo-a-abandonne-sa-renault-zoe-pour-une-smart-1\/\" target='bwindow' rel=\"noopener\">Lire la suite&#8230;<\/a><\/p>\n","protected":false},"excerpt":{"rendered":"<p>Re\u00e7ue d\u00e9but ao\u00fbt, la Smart #1 de Paulo a d\u00e9j\u00e0 aval\u00e9 plus de 6 600 km, en partie sur les\u2026<\/p>\n<p> Lire la suite&#8230;&#8230; <a class=\"continue-reading-link\" href=\"https:\/\/www.evearly.news\/fr\/temoignage-paulo-a-abandonne-sa-renault-zoe-pour-une-smart-1\/\"><\/a><\/p>\n","protected":false},"author":8,"featured_media":267120,"comment_status":"closed","ping_status":"open","sticky":false,"template":"Default","format":"standard","meta":{"footnotes":""},"categories":[8],"tags":[],"class_list":["post-267119","post","type-post","status-publish","format-standard","has-post-thumbnail","hentry","category-automobile-propre"],"_links":{"self":[{"href":"https:\/\/www.evearly.news\/fr\/wp-json\/wp\/v2\/posts\/267119","targetHints":{"allow":["GET"]}}],"collection":[{"href":"https:\/\/www.evearly.news\/fr\/wp-json\/wp\/v2\/posts"}],"about":[{"href":"https:\/\/www.evearly.news\/fr\/wp-json\/wp\/v2\/types\/post"}],"author":[{"embeddable":true,"href":"https:\/\/www.evearly.news\/fr\/wp-json\/wp\/v2\/users\/8"}],"replies":[{"embeddable":true,"href":"https:\/\/www.evearly.news\/fr\/wp-json\/wp\/v2\/comments?post=267119"}],"version-history":[{"count":0,"href":"https:\/\/www.evearly.news\/fr\/wp-json\/wp\/v2\/posts\/267119\/revisions"}],"wp:featuredmedia":[{"embeddable":true,"href":"https:\/\/www.evearly.news\/fr\/wp-json\/wp\/v2\/media\/267120"}],"wp:attachment":[{"href":"https:\/\/www.evearly.news\/fr\/wp-json\/wp\/v2\/media?parent=267119"}],"wp:term":[{"taxonomy":"category","embeddable":true,"href":"https:\/\/www.evearly.news\/fr\/wp-json\/wp\/v2\/categories?post=267119"},{"taxonomy":"post_tag","embeddable":true,"href":"https:\/\/www.evearly.news\/fr\/wp-json\/wp\/v2\/tags?post=267119"}],"curies":[{"name":"wp","href":"https:\/\/api.w.org\/{rel}","templated":true}]}}