{"id":267137,"date":"2023-11-02T08:20:06","date_gmt":"2023-11-02T07:20:06","guid":{"rendered":"https:\/\/www.evearly.news\/fr\/arval-analyse-les-mutations-du-marche-des-flottes-automobiles-dentreprise\/"},"modified":"2023-11-02T08:20:06","modified_gmt":"2023-11-02T07:20:06","slug":"arval-analyse-les-mutations-du-marche-des-flottes-automobiles-dentreprise","status":"publish","type":"post","link":"https:\/\/www.evearly.news\/fr\/arval-analyse-les-mutations-du-marche-des-flottes-automobiles-dentreprise\/","title":{"rendered":"Arval analyse les mutations du march\u00e9 des flottes automobiles d\u2019entreprise"},"content":{"rendered":"<p><img width=\"1000\" height=\"563\" src=\"https:\/\/www.evearly.news\/fr\/wp-content\/uploads\/sites\/6\/2023\/11\/arval-analyse-les-mutations-du-marche-des-flottes-automobiles-dentreprise.jpg\" class=\"attachment-post-thumbnail size-post-thumbnail wp-post-image\" alt=\"Arval Mutations Flotte Entreprise\" decoding=\"async\" fetchpriority=\"high\" srcset=\"https:\/\/www.evearly.news\/fr\/wp-content\/uploads\/sites\/6\/2023\/11\/arval-analyse-les-mutations-du-marche-des-flottes-automobiles-dentreprise.jpg 1000w, https:\/\/www.evearly.news\/fr\/wp-content\/uploads\/sites\/6\/2023\/11\/arval-analyse-les-mutations-du-marche-des-flottes-automobiles-dentreprise-1.jpg 300w, https:\/\/www.evearly.news\/fr\/wp-content\/uploads\/sites\/6\/2023\/11\/arval-analyse-les-mutations-du-marche-des-flottes-automobiles-dentreprise-2.jpg 998w, https:\/\/www.avem.fr\/wp-content\/uploads\/2023\/11\/ARVAL-Mutation-marche-entreprise-Une-02-768x432.jpg 768w\" sizes=\"(max-width: 1000px) 100vw, 1000px\" \/>L\u2019Arval Mobility Observatory s\u2019adresse \u00e0 tous les acteurs partie prenante des sujets concernant le v\u00e9hicule d\u2019entreprise. Il a pour mission de les informer et de r\u00e9fl\u00e9chir avec eux sur les \u00e9volutions de la mobilit\u00e9. Cet observatoire vient d\u2019ailleurs de publier un nouveau cahier tr\u00e8s instructif portant sur les mutations du [\u2026] <a href=\"https:\/\/www.avem.fr\/2023\/11\/02\/larval-mobility-observatory-analyse-les-mutations-du-marche-des-flottes-automobiles-dentreprise\/\" target=\"blank\" rel=\"noopener\">Lire la suite&#8230;<\/a><\/p>\n","protected":false},"excerpt":{"rendered":"<p><img loading=\"lazy\" decoding=\"async\" width=\"1000\" height=\"563\" src=\"https:\/\/www.evearly.news\/fr\/wp-content\/uploads\/sites\/6\/2023\/11\/arval-analyse-les-mutations-du-marche-des-flottes-automobiles-dentreprise.jpg\" class=\"attachment-post-thumbnail size-post-thumbnail wp-post-image\" alt=\"Arval Mutations Flotte Entreprise\" \/>L\u2019Arval Mobility Observatory s\u2019adresse \u00e0 tous les acteurs partie prenante des sujets concernant le v\u00e9hicule d\u2019entreprise. Il a pour mission de les informer et de r\u00e9fl\u00e9chir avec eux sur les \u00e9volutions de la mobilit\u00e9. Cet observatoire vient d\u2019ailleurs de publier un nouveau cahier tr\u00e8s instructif portant sur les mutations du [\u2026] <a class=\"continue-reading-link\" href=\"https:\/\/www.evearly.news\/fr\/arval-analyse-les-mutations-du-marche-des-flottes-automobiles-dentreprise\/\"><\/a><\/p>\n","protected":false},"author":3,"featured_media":267138,"comment_status":"closed","ping_status":"open","sticky":false,"template":"Default","format":"standard","meta":{"footnotes":""},"categories":[3],"tags":[],"class_list":["post-267137","post","type-post","status-publish","format-standard","has-post-thumbnail","hentry","category-avem"],"_links":{"self":[{"href":"https:\/\/www.evearly.news\/fr\/wp-json\/wp\/v2\/posts\/267137","targetHints":{"allow":["GET"]}}],"collection":[{"href":"https:\/\/www.evearly.news\/fr\/wp-json\/wp\/v2\/posts"}],"about":[{"href":"https:\/\/www.evearly.news\/fr\/wp-json\/wp\/v2\/types\/post"}],"author":[{"embeddable":true,"href":"https:\/\/www.evearly.news\/fr\/wp-json\/wp\/v2\/users\/3"}],"replies":[{"embeddable":true,"href":"https:\/\/www.evearly.news\/fr\/wp-json\/wp\/v2\/comments?post=267137"}],"version-history":[{"count":0,"href":"https:\/\/www.evearly.news\/fr\/wp-json\/wp\/v2\/posts\/267137\/revisions"}],"wp:featuredmedia":[{"embeddable":true,"href":"https:\/\/www.evearly.news\/fr\/wp-json\/wp\/v2\/media\/267138"}],"wp:attachment":[{"href":"https:\/\/www.evearly.news\/fr\/wp-json\/wp\/v2\/media?parent=267137"}],"wp:term":[{"taxonomy":"category","embeddable":true,"href":"https:\/\/www.evearly.news\/fr\/wp-json\/wp\/v2\/categories?post=267137"},{"taxonomy":"post_tag","embeddable":true,"href":"https:\/\/www.evearly.news\/fr\/wp-json\/wp\/v2\/tags?post=267137"}],"curies":[{"name":"wp","href":"https:\/\/api.w.org\/{rel}","templated":true}]}}