{"id":267143,"date":"2023-11-02T09:20:50","date_gmt":"2023-11-02T08:20:50","guid":{"rendered":"https:\/\/www.evearly.news\/fr\/que-se-passe-t-il-quand-on-tire-une-fleche-sur-le-tesla-cybertruck\/"},"modified":"2023-11-02T09:20:50","modified_gmt":"2023-11-02T08:20:50","slug":"que-se-passe-t-il-quand-on-tire-une-fleche-sur-le-tesla-cybertruck","status":"publish","type":"post","link":"https:\/\/www.evearly.news\/fr\/que-se-passe-t-il-quand-on-tire-une-fleche-sur-le-tesla-cybertruck\/","title":{"rendered":"Que se passe-t-il quand on tire une fl\u00e8che sur le Tesla Cybertruck ?"},"content":{"rendered":"<p><img loading=\"lazy\" decoding=\"async\" width=\"500\" height=\"333\" src=\"https:\/\/www.evearly.news\/fr\/wp-content\/uploads\/sites\/6\/2023\/11\/que-se-passe-t-il-quand-on-tire-une-fleche-sur-le-tesla-cybertruck.jpg\" class=\"attachment-1200x800 size-1200x800 wp-post-image\" alt=\"\" srcset=\"https:\/\/www.evearly.news\/fr\/wp-content\/uploads\/sites\/6\/2023\/11\/que-se-passe-t-il-quand-on-tire-une-fleche-sur-le-tesla-cybertruck.jpg 1500w, https:\/\/www.evearly.news\/fr\/wp-content\/uploads\/sites\/6\/2023\/11\/que-se-passe-t-il-quand-on-tire-une-fleche-sur-le-tesla-cybertruck-1.jpg 1024w, https:\/\/www.evearly.news\/fr\/wp-content\/uploads\/sites\/6\/2023\/11\/que-se-passe-t-il-quand-on-tire-une-fleche-sur-le-tesla-cybertruck-2.jpg 768w, https:\/\/cdn.automobile-propre.com\/uploads\/2023\/11\/tesla-cybertruck-musk-1-620x325.jpg 620w\" sizes=\"auto, (max-width: 1200px) 100vw, 1200px\" \/><br \/>\nAlors que le lancement officiel du Tesla Cybertruck est pr\u00e9vu le 30 novembre 2023, Elon Musk a livr\u00e9 quelques d\u00e9tails\u2026 <a href=\"https:\/\/www.automobile-propre.com\/quelques-jours-avant-le-lancement-du-tesla-cybertrcuk-elon-musk-revele-de-nouveaux-details\/\" target='bwindow' rel=\"noopener\">Lire la suite&#8230;<\/a><\/p>\n","protected":false},"excerpt":{"rendered":"<p>Alors que le lancement officiel du Tesla Cybertruck est pr\u00e9vu le 30 novembre 2023, Elon Musk a livr\u00e9 quelques d\u00e9tails\u2026<\/p>\n<p> Lire la suite&#8230;&#8230; <a class=\"continue-reading-link\" href=\"https:\/\/www.evearly.news\/fr\/que-se-passe-t-il-quand-on-tire-une-fleche-sur-le-tesla-cybertruck\/\"><\/a><\/p>\n","protected":false},"author":8,"featured_media":267144,"comment_status":"closed","ping_status":"open","sticky":false,"template":"Default","format":"standard","meta":{"footnotes":""},"categories":[8],"tags":[],"class_list":["post-267143","post","type-post","status-publish","format-standard","has-post-thumbnail","hentry","category-automobile-propre"],"_links":{"self":[{"href":"https:\/\/www.evearly.news\/fr\/wp-json\/wp\/v2\/posts\/267143","targetHints":{"allow":["GET"]}}],"collection":[{"href":"https:\/\/www.evearly.news\/fr\/wp-json\/wp\/v2\/posts"}],"about":[{"href":"https:\/\/www.evearly.news\/fr\/wp-json\/wp\/v2\/types\/post"}],"author":[{"embeddable":true,"href":"https:\/\/www.evearly.news\/fr\/wp-json\/wp\/v2\/users\/8"}],"replies":[{"embeddable":true,"href":"https:\/\/www.evearly.news\/fr\/wp-json\/wp\/v2\/comments?post=267143"}],"version-history":[{"count":0,"href":"https:\/\/www.evearly.news\/fr\/wp-json\/wp\/v2\/posts\/267143\/revisions"}],"wp:featuredmedia":[{"embeddable":true,"href":"https:\/\/www.evearly.news\/fr\/wp-json\/wp\/v2\/media\/267144"}],"wp:attachment":[{"href":"https:\/\/www.evearly.news\/fr\/wp-json\/wp\/v2\/media?parent=267143"}],"wp:term":[{"taxonomy":"category","embeddable":true,"href":"https:\/\/www.evearly.news\/fr\/wp-json\/wp\/v2\/categories?post=267143"},{"taxonomy":"post_tag","embeddable":true,"href":"https:\/\/www.evearly.news\/fr\/wp-json\/wp\/v2\/tags?post=267143"}],"curies":[{"name":"wp","href":"https:\/\/api.w.org\/{rel}","templated":true}]}}