{"id":267147,"date":"2023-11-02T10:21:30","date_gmt":"2023-11-02T09:21:30","guid":{"rendered":"https:\/\/www.evearly.news\/fr\/renault-3-milliards-deuros-pour-electriser-le-marche-international\/"},"modified":"2023-11-02T10:21:30","modified_gmt":"2023-11-02T09:21:30","slug":"renault-3-milliards-deuros-pour-electriser-le-marche-international","status":"publish","type":"post","link":"https:\/\/www.evearly.news\/fr\/renault-3-milliards-deuros-pour-electriser-le-marche-international\/","title":{"rendered":"Renault\u00a0: 3 milliards d\u2019euros pour \u00e9lectriser le march\u00e9 international"},"content":{"rendered":"<p><img loading=\"lazy\" width=\"1400\" height=\"932\" src=\"https:\/\/www.evearly.news\/fr\/wp-content\/uploads\/sites\/6\/2023\/11\/renault-3-milliards-deuros-pour-electriser-le-marche-international.jpg\" class=\"attachment-full size-full wp-post-image\" alt=\"renault logo 2023\" decoding=\"async\" srcset=\"https:\/\/www.evearly.news\/fr\/wp-content\/uploads\/sites\/6\/2023\/11\/renault-3-milliards-deuros-pour-electriser-le-marche-international.jpg 1400w, https:\/\/www.evearly.news\/fr\/wp-content\/uploads\/sites\/6\/2023\/11\/renault-3-milliards-deuros-pour-electriser-le-marche-international-1.jpg 505w, https:\/\/www.evearly.news\/fr\/wp-content\/uploads\/sites\/6\/2023\/11\/renault-3-milliards-deuros-pour-electriser-le-marche-international-2.jpg 1024w, https:\/\/www.presse-citron.net\/app\/uploads\/2023\/03\/renault-logo-2023-50x33.jpg 50w\" sizes=\"auto, (max-width: 1400px) 100vw, 1400px\"><\/p>\n<p>La marque Renault pr\u00e9sente son \u00ab&nbsp;International Game Plan 2027\u00bb, avec la ferme volont\u00e9 de vendre un v\u00e9hicule sur trois en version hybride ou \u00e9lectrique en dehors de l\u2019Europe \u00e0 l\u2019horizon 2027.<a href=\"https:\/\/www.presse-citron.net\/renault-3-milliards-deuros-pour-electriser-le-marche-international\/\" target='bwindow' rel=\"noopener\"> Lire la suite&#8230;<\/a><\/p>\n","protected":false},"excerpt":{"rendered":"<p>La marque Renault pr\u00e9sente son \u00ab&nbsp;International Game Plan 2027\u00bb, avec la ferme volont\u00e9 de vendre un v\u00e9hicule sur trois en version hybride ou \u00e9lectrique en dehors de l\u2019Europe \u00e0 l\u2019horizon 2027&#8230;. <a class=\"continue-reading-link\" href=\"https:\/\/www.evearly.news\/fr\/renault-3-milliards-deuros-pour-electriser-le-marche-international\/\"><\/a><\/p>\n","protected":false},"author":18,"featured_media":267148,"comment_status":"closed","ping_status":"open","sticky":false,"template":"Default","format":"standard","meta":{"footnotes":""},"categories":[19],"tags":[],"class_list":["post-267147","post","type-post","status-publish","format-standard","has-post-thumbnail","hentry","category-presse-citron"],"_links":{"self":[{"href":"https:\/\/www.evearly.news\/fr\/wp-json\/wp\/v2\/posts\/267147","targetHints":{"allow":["GET"]}}],"collection":[{"href":"https:\/\/www.evearly.news\/fr\/wp-json\/wp\/v2\/posts"}],"about":[{"href":"https:\/\/www.evearly.news\/fr\/wp-json\/wp\/v2\/types\/post"}],"author":[{"embeddable":true,"href":"https:\/\/www.evearly.news\/fr\/wp-json\/wp\/v2\/users\/18"}],"replies":[{"embeddable":true,"href":"https:\/\/www.evearly.news\/fr\/wp-json\/wp\/v2\/comments?post=267147"}],"version-history":[{"count":0,"href":"https:\/\/www.evearly.news\/fr\/wp-json\/wp\/v2\/posts\/267147\/revisions"}],"wp:featuredmedia":[{"embeddable":true,"href":"https:\/\/www.evearly.news\/fr\/wp-json\/wp\/v2\/media\/267148"}],"wp:attachment":[{"href":"https:\/\/www.evearly.news\/fr\/wp-json\/wp\/v2\/media?parent=267147"}],"wp:term":[{"taxonomy":"category","embeddable":true,"href":"https:\/\/www.evearly.news\/fr\/wp-json\/wp\/v2\/categories?post=267147"},{"taxonomy":"post_tag","embeddable":true,"href":"https:\/\/www.evearly.news\/fr\/wp-json\/wp\/v2\/tags?post=267147"}],"curies":[{"name":"wp","href":"https:\/\/api.w.org\/{rel}","templated":true}]}}