{"id":267202,"date":"2023-11-03T12:20:47","date_gmt":"2023-11-03T11:20:47","guid":{"rendered":"https:\/\/www.evearly.news\/fr\/faut-il-deja-supprimer-le-bonus-ecologique-pour-lachat-dune-voiture-electrique\/"},"modified":"2023-11-03T12:20:47","modified_gmt":"2023-11-03T11:20:47","slug":"faut-il-deja-supprimer-le-bonus-ecologique-pour-lachat-dune-voiture-electrique","status":"publish","type":"post","link":"https:\/\/www.evearly.news\/fr\/faut-il-deja-supprimer-le-bonus-ecologique-pour-lachat-dune-voiture-electrique\/","title":{"rendered":"Faut-il d\u00e9j\u00e0 supprimer le bonus \u00e9cologique pour l\u2019achat d\u2019une voiture \u00e9lectrique ?"},"content":{"rendered":"<p><img decoding=\"async\" width=\"500\" height=\"333\" src=\"https:\/\/www.evearly.news\/fr\/wp-content\/uploads\/sites\/6\/2023\/11\/faut-il-deja-supprimer-le-bonus-ecologique-pour-lachat-dune-voiture-electrique.jpg\" class=\"attachment-1200x800 size-1200x800 wp-post-image\" alt=\"\" loading=\"lazy\" srcset=\"https:\/\/www.evearly.news\/fr\/wp-content\/uploads\/sites\/6\/2023\/11\/faut-il-deja-supprimer-le-bonus-ecologique-pour-lachat-dune-voiture-electrique.jpg 1200w, https:\/\/www.evearly.news\/fr\/wp-content\/uploads\/sites\/6\/2023\/11\/faut-il-deja-supprimer-le-bonus-ecologique-pour-lachat-dune-voiture-electrique-1.jpg 1024w, https:\/\/www.evearly.news\/fr\/wp-content\/uploads\/sites\/6\/2023\/11\/faut-il-deja-supprimer-le-bonus-ecologique-pour-lachat-dune-voiture-electrique-2.jpg 140w, https:\/\/www.evearly.news\/fr\/wp-content\/uploads\/sites\/6\/2023\/11\/faut-il-deja-supprimer-le-bonus-ecologique-pour-lachat-dune-voiture-electrique-3.jpg 768w, https:\/\/www.evearly.news\/fr\/wp-content\/uploads\/sites\/6\/2023\/11\/faut-il-deja-supprimer-le-bonus-ecologique-pour-lachat-dune-voiture-electrique-4.jpg 620w, https:\/\/www.evearly.news\/fr\/wp-content\/uploads\/sites\/6\/2023\/11\/faut-il-deja-supprimer-le-bonus-ecologique-pour-lachat-dune-voiture-electrique-5.jpg 100w, https:\/\/www.evearly.news\/fr\/wp-content\/uploads\/sites\/6\/2023\/11\/faut-il-deja-supprimer-le-bonus-ecologique-pour-lachat-dune-voiture-electrique-6.jpg 190w, https:\/\/cdn.automobile-propre.com\/uploads\/2022\/09\/Essai-Renault-Zoe-R135-Supertest-28-600x400.jpg 600w\" sizes=\"auto, (max-width: 1200px) 100vw, 1200px\" \/><br \/>\nLe bonus semble encore important pour soutenir les ventes de voitures \u00e9lectriques. Mais est-ce une aide qui profite d\u00e9sormais plus\u2026 <a href=\"https:\/\/www.automobile-propre.com\/faut-il-deja-supprimer-le-bonus-ecologique-pour-lachat-dune-voiture-electrique\/\" target='bwindow' rel=\"noopener\">Lire la suite&#8230;<\/a><\/p>\n","protected":false},"excerpt":{"rendered":"<p>Le bonus semble encore important pour soutenir les ventes de voitures \u00e9lectriques. Mais est-ce une aide qui profite d\u00e9sormais plus\u2026<\/p>\n<p> Lire la suite&#8230;&#8230; <a class=\"continue-reading-link\" href=\"https:\/\/www.evearly.news\/fr\/faut-il-deja-supprimer-le-bonus-ecologique-pour-lachat-dune-voiture-electrique\/\"><\/a><\/p>\n","protected":false},"author":8,"featured_media":267203,"comment_status":"closed","ping_status":"open","sticky":false,"template":"Default","format":"standard","meta":{"footnotes":""},"categories":[8],"tags":[],"class_list":["post-267202","post","type-post","status-publish","format-standard","has-post-thumbnail","hentry","category-automobile-propre"],"_links":{"self":[{"href":"https:\/\/www.evearly.news\/fr\/wp-json\/wp\/v2\/posts\/267202","targetHints":{"allow":["GET"]}}],"collection":[{"href":"https:\/\/www.evearly.news\/fr\/wp-json\/wp\/v2\/posts"}],"about":[{"href":"https:\/\/www.evearly.news\/fr\/wp-json\/wp\/v2\/types\/post"}],"author":[{"embeddable":true,"href":"https:\/\/www.evearly.news\/fr\/wp-json\/wp\/v2\/users\/8"}],"replies":[{"embeddable":true,"href":"https:\/\/www.evearly.news\/fr\/wp-json\/wp\/v2\/comments?post=267202"}],"version-history":[{"count":0,"href":"https:\/\/www.evearly.news\/fr\/wp-json\/wp\/v2\/posts\/267202\/revisions"}],"wp:featuredmedia":[{"embeddable":true,"href":"https:\/\/www.evearly.news\/fr\/wp-json\/wp\/v2\/media\/267203"}],"wp:attachment":[{"href":"https:\/\/www.evearly.news\/fr\/wp-json\/wp\/v2\/media?parent=267202"}],"wp:term":[{"taxonomy":"category","embeddable":true,"href":"https:\/\/www.evearly.news\/fr\/wp-json\/wp\/v2\/categories?post=267202"},{"taxonomy":"post_tag","embeddable":true,"href":"https:\/\/www.evearly.news\/fr\/wp-json\/wp\/v2\/tags?post=267202"}],"curies":[{"name":"wp","href":"https:\/\/api.w.org\/{rel}","templated":true}]}}