{"id":267277,"date":"2023-11-05T17:50:47","date_gmt":"2023-11-05T16:50:47","guid":{"rendered":"https:\/\/www.evearly.news\/fr\/voici-les-15-nouvelles-voitures-electriques-les-plus-attendues-en-2024\/"},"modified":"2023-11-05T17:50:47","modified_gmt":"2023-11-05T16:50:47","slug":"voici-les-15-nouvelles-voitures-electriques-les-plus-attendues-en-2024","status":"publish","type":"post","link":"https:\/\/www.evearly.news\/fr\/voici-les-15-nouvelles-voitures-electriques-les-plus-attendues-en-2024\/","title":{"rendered":"Voici les 15 nouvelles voitures \u00e9lectriques les plus attendues en 2024"},"content":{"rendered":"<p><img decoding=\"async\" width=\"500\" height=\"333\" src=\"https:\/\/www.evearly.news\/fr\/wp-content\/uploads\/sites\/6\/2023\/11\/voici-les-15-nouvelles-voitures-electriques-les-plus-attendues-en-2024.jpg\" class=\"attachment-1200x800 size-1200x800 wp-post-image\" alt=\"\" loading=\"lazy\" srcset=\"https:\/\/www.evearly.news\/fr\/wp-content\/uploads\/sites\/6\/2023\/11\/voici-les-15-nouvelles-voitures-electriques-les-plus-attendues-en-2024.jpg 1500w, https:\/\/www.evearly.news\/fr\/wp-content\/uploads\/sites\/6\/2023\/11\/voici-les-15-nouvelles-voitures-electriques-les-plus-attendues-en-2024-1.jpg 1024w, https:\/\/www.evearly.news\/fr\/wp-content\/uploads\/sites\/6\/2023\/11\/voici-les-15-nouvelles-voitures-electriques-les-plus-attendues-en-2024-2.jpg 768w, https:\/\/cdn.automobile-propre.com\/uploads\/2023\/11\/Renault-5-592x413.jpg 592w\" sizes=\"auto, (max-width: 1147px) 100vw, 1147px\" \/><br \/>\nSi les voitures thermiques ne seront interdites \u00e0 la\u00a0vente qu&rsquo;en 2035, les mod\u00e8les \u00e9lectriques prennent d\u00e9j\u00e0 de plus en plus\u2026 <a href=\"https:\/\/www.automobile-propre.com\/voici-les-15-nouvelles-voitures-electriques-les-plus-attendues-en-2024\/\" target='bwindow' rel=\"noopener\">Lire la suite&#8230;<\/a><\/p>\n","protected":false},"excerpt":{"rendered":"<p>Si les voitures thermiques ne seront interdites \u00e0 la\u00a0vente qu&rsquo;en 2035, les mod\u00e8les \u00e9lectriques prennent d\u00e9j\u00e0 de plus en plus\u2026<\/p>\n<p> Lire la suite&#8230;&#8230; <a class=\"continue-reading-link\" href=\"https:\/\/www.evearly.news\/fr\/voici-les-15-nouvelles-voitures-electriques-les-plus-attendues-en-2024\/\"><\/a><\/p>\n","protected":false},"author":8,"featured_media":267278,"comment_status":"closed","ping_status":"open","sticky":false,"template":"Default","format":"standard","meta":{"footnotes":""},"categories":[8],"tags":[],"class_list":["post-267277","post","type-post","status-publish","format-standard","has-post-thumbnail","hentry","category-automobile-propre"],"_links":{"self":[{"href":"https:\/\/www.evearly.news\/fr\/wp-json\/wp\/v2\/posts\/267277","targetHints":{"allow":["GET"]}}],"collection":[{"href":"https:\/\/www.evearly.news\/fr\/wp-json\/wp\/v2\/posts"}],"about":[{"href":"https:\/\/www.evearly.news\/fr\/wp-json\/wp\/v2\/types\/post"}],"author":[{"embeddable":true,"href":"https:\/\/www.evearly.news\/fr\/wp-json\/wp\/v2\/users\/8"}],"replies":[{"embeddable":true,"href":"https:\/\/www.evearly.news\/fr\/wp-json\/wp\/v2\/comments?post=267277"}],"version-history":[{"count":0,"href":"https:\/\/www.evearly.news\/fr\/wp-json\/wp\/v2\/posts\/267277\/revisions"}],"wp:featuredmedia":[{"embeddable":true,"href":"https:\/\/www.evearly.news\/fr\/wp-json\/wp\/v2\/media\/267278"}],"wp:attachment":[{"href":"https:\/\/www.evearly.news\/fr\/wp-json\/wp\/v2\/media?parent=267277"}],"wp:term":[{"taxonomy":"category","embeddable":true,"href":"https:\/\/www.evearly.news\/fr\/wp-json\/wp\/v2\/categories?post=267277"},{"taxonomy":"post_tag","embeddable":true,"href":"https:\/\/www.evearly.news\/fr\/wp-json\/wp\/v2\/tags?post=267277"}],"curies":[{"name":"wp","href":"https:\/\/api.w.org\/{rel}","templated":true}]}}