{"id":267366,"date":"2023-11-07T08:22:58","date_gmt":"2023-11-07T07:22:58","guid":{"rendered":"https:\/\/www.evearly.news\/fr\/voitures-electriques-il-vous-reste-6-semaines-pour-acheter-ces-5-modeles-avant-que-leur-prix-naugmente-serieusement\/"},"modified":"2023-11-07T08:22:58","modified_gmt":"2023-11-07T07:22:58","slug":"voitures-electriques-il-vous-reste-6-semaines-pour-acheter-ces-5-modeles-avant-que-leur-prix-naugmente-serieusement","status":"publish","type":"post","link":"https:\/\/www.evearly.news\/fr\/voitures-electriques-il-vous-reste-6-semaines-pour-acheter-ces-5-modeles-avant-que-leur-prix-naugmente-serieusement\/","title":{"rendered":"Voitures \u00e9lectriques : il vous reste 6 semaines pour acheter ces 5 mod\u00e8les avant que leur prix n&rsquo;augmente s\u00e9rieusement"},"content":{"rendered":"<div class=\"media_block\"><img decoding=\"async\" src=\"https:\/\/www.evearly.news\/fr\/wp-content\/uploads\/sites\/6\/2023\/11\/voitures-electriques-il-vous-reste-6-semaines-pour-acheter-ces-5-modeles-avant-que-leur-prix-naugmente-serieusement.jpg\"><\/div>\n<p>Le 15 d\u00e9cembre prochain, le nouveau bonus CO2 entre en vigueurIl prendre en compte le bilan CO2 de la fabrication des voitures \u00e9lectriquesCertaines \u201cz\u00e9ro \u00e9mission\u201d vont donc le perdre <a href=\"https:\/\/www.automobile-magazine.fr\/voitures-electriques\/article\/40736-voitures-electriques-il-vous-reste-6-semaines-pour-acheter-ces-5-modeles-avant-que-leur-prix-naugmente-serieusement\" target='bwindow' rel=\"noopener\">Lire la suite&#8230;<\/a><\/p>\n","protected":false},"excerpt":{"rendered":"<div class=\"media_block\"><img decoding=\"async\" src=\"https:\/\/www.evearly.news\/fr\/wp-content\/uploads\/sites\/6\/2023\/11\/voitures-electriques-il-vous-reste-6-semaines-pour-acheter-ces-5-modeles-avant-que-leur-prix-naugmente-serieusement.jpg\"><\/div>\n<p> <a class=\"continue-reading-link\" href=\"https:\/\/www.evearly.news\/fr\/voitures-electriques-il-vous-reste-6-semaines-pour-acheter-ces-5-modeles-avant-que-leur-prix-naugmente-serieusement\/\"><\/a><\/p>\n","protected":false},"author":7,"featured_media":267367,"comment_status":"closed","ping_status":"open","sticky":false,"template":"Default","format":"standard","meta":{"footnotes":""},"categories":[7],"tags":[],"class_list":["post-267366","post","type-post","status-publish","format-standard","has-post-thumbnail","hentry","category-automobile-magazine"],"_links":{"self":[{"href":"https:\/\/www.evearly.news\/fr\/wp-json\/wp\/v2\/posts\/267366","targetHints":{"allow":["GET"]}}],"collection":[{"href":"https:\/\/www.evearly.news\/fr\/wp-json\/wp\/v2\/posts"}],"about":[{"href":"https:\/\/www.evearly.news\/fr\/wp-json\/wp\/v2\/types\/post"}],"author":[{"embeddable":true,"href":"https:\/\/www.evearly.news\/fr\/wp-json\/wp\/v2\/users\/7"}],"replies":[{"embeddable":true,"href":"https:\/\/www.evearly.news\/fr\/wp-json\/wp\/v2\/comments?post=267366"}],"version-history":[{"count":0,"href":"https:\/\/www.evearly.news\/fr\/wp-json\/wp\/v2\/posts\/267366\/revisions"}],"wp:featuredmedia":[{"embeddable":true,"href":"https:\/\/www.evearly.news\/fr\/wp-json\/wp\/v2\/media\/267367"}],"wp:attachment":[{"href":"https:\/\/www.evearly.news\/fr\/wp-json\/wp\/v2\/media?parent=267366"}],"wp:term":[{"taxonomy":"category","embeddable":true,"href":"https:\/\/www.evearly.news\/fr\/wp-json\/wp\/v2\/categories?post=267366"},{"taxonomy":"post_tag","embeddable":true,"href":"https:\/\/www.evearly.news\/fr\/wp-json\/wp\/v2\/tags?post=267366"}],"curies":[{"name":"wp","href":"https:\/\/api.w.org\/{rel}","templated":true}]}}