{"id":267368,"date":"2023-11-07T08:24:07","date_gmt":"2023-11-07T07:24:07","guid":{"rendered":"https:\/\/www.evearly.news\/fr\/lille-garer-sa-voiture-dans-ces-zones-augmente-le-risque-de-vol\/"},"modified":"2023-11-07T08:24:07","modified_gmt":"2023-11-07T07:24:07","slug":"lille-garer-sa-voiture-dans-ces-zones-augmente-le-risque-de-vol","status":"publish","type":"post","link":"https:\/\/www.evearly.news\/fr\/lille-garer-sa-voiture-dans-ces-zones-augmente-le-risque-de-vol\/","title":{"rendered":"Lille\u00a0: garer sa voiture dans ces zones augmente le risque de vol"},"content":{"rendered":"<p><img loading=\"lazy\" width=\"1400\" height=\"932\" src=\"https:\/\/www.evearly.news\/fr\/wp-content\/uploads\/sites\/6\/2023\/11\/lille-garer-sa-voiture-dans-ces-zones-augmente-le-risque-de-vol.jpg\" class=\"attachment-full size-full wp-post-image\" alt=\"Tesla Garage Parking\" decoding=\"async\" srcset=\"https:\/\/www.evearly.news\/fr\/wp-content\/uploads\/sites\/6\/2023\/11\/lille-garer-sa-voiture-dans-ces-zones-augmente-le-risque-de-vol.jpg 1400w, https:\/\/www.evearly.news\/fr\/wp-content\/uploads\/sites\/6\/2023\/11\/lille-garer-sa-voiture-dans-ces-zones-augmente-le-risque-de-vol-1.jpg 505w, https:\/\/www.evearly.news\/fr\/wp-content\/uploads\/sites\/6\/2023\/11\/lille-garer-sa-voiture-dans-ces-zones-augmente-le-risque-de-vol-2.jpg 1024w, https:\/\/www.evearly.news\/fr\/wp-content\/uploads\/sites\/6\/2023\/11\/lille-garer-sa-voiture-dans-ces-zones-augmente-le-risque-de-vol-3.jpg 50w, https:\/\/www.evearly.news\/fr\/wp-content\/uploads\/sites\/6\/2023\/11\/lille-garer-sa-voiture-dans-ces-zones-augmente-le-risque-de-vol-4.jpg 336w, https:\/\/www.evearly.news\/fr\/wp-content\/uploads\/sites\/6\/2023\/11\/lille-garer-sa-voiture-dans-ces-zones-augmente-le-risque-de-vol-5.jpg 680w, https:\/\/www.presse-citron.net\/app\/uploads\/2023\/11\/tesla-garage-parking-896x596.jpg 896w\" sizes=\"auto, (max-width: 1400px) 100vw, 1400px\"><\/p>\n<p>Dans un dossier sp\u00e9cial La Voix Du Nord dresse un \u00e9tat des lieux des vols de voiture \u00e0 Lille et dans les villes environnantes &#8211; pour choisir des lieux plus s\u00fbrs pour garer votre v\u00e9hicule.<a href=\"https:\/\/www.presse-citron.net\/lille-garer-sa-voiture-dans-ces-zones-augmente-le-risque-de-vol\/\" target='bwindow' rel=\"noopener\"> Lire la suite&#8230;<\/a><\/p>\n","protected":false},"excerpt":{"rendered":"<p>Dans un dossier sp\u00e9cial La Voix Du Nord dresse un \u00e9tat des lieux des vols de voiture \u00e0 Lille et dans les villes environnantes &#8211; pour choisir des lieux plus s\u00fbrs pour garer votre v\u00e9hicule&#8230;. <a class=\"continue-reading-link\" href=\"https:\/\/www.evearly.news\/fr\/lille-garer-sa-voiture-dans-ces-zones-augmente-le-risque-de-vol\/\"><\/a><\/p>\n","protected":false},"author":18,"featured_media":267369,"comment_status":"closed","ping_status":"open","sticky":false,"template":"Default","format":"standard","meta":{"footnotes":""},"categories":[19],"tags":[],"class_list":["post-267368","post","type-post","status-publish","format-standard","has-post-thumbnail","hentry","category-presse-citron"],"_links":{"self":[{"href":"https:\/\/www.evearly.news\/fr\/wp-json\/wp\/v2\/posts\/267368","targetHints":{"allow":["GET"]}}],"collection":[{"href":"https:\/\/www.evearly.news\/fr\/wp-json\/wp\/v2\/posts"}],"about":[{"href":"https:\/\/www.evearly.news\/fr\/wp-json\/wp\/v2\/types\/post"}],"author":[{"embeddable":true,"href":"https:\/\/www.evearly.news\/fr\/wp-json\/wp\/v2\/users\/18"}],"replies":[{"embeddable":true,"href":"https:\/\/www.evearly.news\/fr\/wp-json\/wp\/v2\/comments?post=267368"}],"version-history":[{"count":0,"href":"https:\/\/www.evearly.news\/fr\/wp-json\/wp\/v2\/posts\/267368\/revisions"}],"wp:featuredmedia":[{"embeddable":true,"href":"https:\/\/www.evearly.news\/fr\/wp-json\/wp\/v2\/media\/267369"}],"wp:attachment":[{"href":"https:\/\/www.evearly.news\/fr\/wp-json\/wp\/v2\/media?parent=267368"}],"wp:term":[{"taxonomy":"category","embeddable":true,"href":"https:\/\/www.evearly.news\/fr\/wp-json\/wp\/v2\/categories?post=267368"},{"taxonomy":"post_tag","embeddable":true,"href":"https:\/\/www.evearly.news\/fr\/wp-json\/wp\/v2\/tags?post=267368"}],"curies":[{"name":"wp","href":"https:\/\/api.w.org\/{rel}","templated":true}]}}