{"id":267852,"date":"2023-11-14T15:21:26","date_gmt":"2023-11-14T14:21:26","guid":{"rendered":"https:\/\/www.evearly.news\/fr\/la-kia-ev6-restylee-sinspirera-du-suv-electrique-ev9\/"},"modified":"2023-11-14T15:21:26","modified_gmt":"2023-11-14T14:21:26","slug":"la-kia-ev6-restylee-sinspirera-du-suv-electrique-ev9","status":"publish","type":"post","link":"https:\/\/www.evearly.news\/fr\/la-kia-ev6-restylee-sinspirera-du-suv-electrique-ev9\/","title":{"rendered":"La Kia EV6 restyl\u00e9e s\u2019inspirera du SUV \u00e9lectrique EV9"},"content":{"rendered":"<p><img loading=\"lazy\" decoding=\"async\" width=\"500\" height=\"333\" src=\"https:\/\/www.evearly.news\/fr\/wp-content\/uploads\/sites\/6\/2023\/11\/la-kia-ev6-restylee-sinspirera-du-suv-electrique-ev9.jpg\" class=\"attachment-1200x800 size-1200x800 wp-post-image\" alt=\"KIA EV6\" srcset=\"https:\/\/www.evearly.news\/fr\/wp-content\/uploads\/sites\/6\/2023\/11\/la-kia-ev6-restylee-sinspirera-du-suv-electrique-ev9.jpg 1200w, https:\/\/www.evearly.news\/fr\/wp-content\/uploads\/sites\/6\/2023\/11\/la-kia-ev6-restylee-sinspirera-du-suv-electrique-ev9-1.jpg 1024w, https:\/\/www.evearly.news\/fr\/wp-content\/uploads\/sites\/6\/2023\/11\/la-kia-ev6-restylee-sinspirera-du-suv-electrique-ev9-2.jpg 140w, https:\/\/www.evearly.news\/fr\/wp-content\/uploads\/sites\/6\/2023\/11\/la-kia-ev6-restylee-sinspirera-du-suv-electrique-ev9-3.jpg 768w, https:\/\/www.evearly.news\/fr\/wp-content\/uploads\/sites\/6\/2023\/11\/la-kia-ev6-restylee-sinspirera-du-suv-electrique-ev9-4.jpg 620w, https:\/\/www.evearly.news\/fr\/wp-content\/uploads\/sites\/6\/2023\/11\/la-kia-ev6-restylee-sinspirera-du-suv-electrique-ev9-5.jpg 100w, https:\/\/www.evearly.news\/fr\/wp-content\/uploads\/sites\/6\/2023\/11\/la-kia-ev6-restylee-sinspirera-du-suv-electrique-ev9-6.jpg 190w, https:\/\/cdn.automobile-propre.com\/uploads\/2023\/04\/Essai-Kia-EV6-RWD-Supertest-39-600x400.jpg 600w\" sizes=\"auto, (max-width: 1200px) 100vw, 1200px\" \/><br \/>\nKia sortira l&rsquo;ann\u00e9e prochaine un restylage de son crossover \u00e9lectrique EV6. Le v\u00e9hicule au design marquant se parera de codes esth\u00e9tiques qu&rsquo;il empruntera \u00e0 l&rsquo;EV9. <a href=\"https:\/\/www.automobile-propre.com\/breves\/la-kia-ev6-restylee-sinspirera-du-suv-electrique-ev9\/\" target='bwindow' rel=\"noopener\">Lire la suite&#8230;<\/a><\/p>\n","protected":false},"excerpt":{"rendered":"<p>&#8230; <a class=\"continue-reading-link\" href=\"https:\/\/www.evearly.news\/fr\/la-kia-ev6-restylee-sinspirera-du-suv-electrique-ev9\/\"><\/a><\/p>\n","protected":false},"author":8,"featured_media":267853,"comment_status":"closed","ping_status":"open","sticky":false,"template":"Default","format":"standard","meta":{"footnotes":""},"categories":[8],"tags":[],"class_list":["post-267852","post","type-post","status-publish","format-standard","has-post-thumbnail","hentry","category-automobile-propre"],"_links":{"self":[{"href":"https:\/\/www.evearly.news\/fr\/wp-json\/wp\/v2\/posts\/267852","targetHints":{"allow":["GET"]}}],"collection":[{"href":"https:\/\/www.evearly.news\/fr\/wp-json\/wp\/v2\/posts"}],"about":[{"href":"https:\/\/www.evearly.news\/fr\/wp-json\/wp\/v2\/types\/post"}],"author":[{"embeddable":true,"href":"https:\/\/www.evearly.news\/fr\/wp-json\/wp\/v2\/users\/8"}],"replies":[{"embeddable":true,"href":"https:\/\/www.evearly.news\/fr\/wp-json\/wp\/v2\/comments?post=267852"}],"version-history":[{"count":0,"href":"https:\/\/www.evearly.news\/fr\/wp-json\/wp\/v2\/posts\/267852\/revisions"}],"wp:featuredmedia":[{"embeddable":true,"href":"https:\/\/www.evearly.news\/fr\/wp-json\/wp\/v2\/media\/267853"}],"wp:attachment":[{"href":"https:\/\/www.evearly.news\/fr\/wp-json\/wp\/v2\/media?parent=267852"}],"wp:term":[{"taxonomy":"category","embeddable":true,"href":"https:\/\/www.evearly.news\/fr\/wp-json\/wp\/v2\/categories?post=267852"},{"taxonomy":"post_tag","embeddable":true,"href":"https:\/\/www.evearly.news\/fr\/wp-json\/wp\/v2\/tags?post=267852"}],"curies":[{"name":"wp","href":"https:\/\/api.w.org\/{rel}","templated":true}]}}