{"id":268035,"date":"2023-11-17T10:25:26","date_gmt":"2023-11-17T09:25:26","guid":{"rendered":"https:\/\/www.evearly.news\/fr\/avoir-200-kwh-de-batterie-ne-sert-a-rien-le-reproche-cinglant-de-renault\/"},"modified":"2023-11-17T10:25:26","modified_gmt":"2023-11-17T09:25:26","slug":"avoir-200-kwh-de-batterie-ne-sert-a-rien-le-reproche-cinglant-de-renault","status":"publish","type":"post","link":"https:\/\/www.evearly.news\/fr\/avoir-200-kwh-de-batterie-ne-sert-a-rien-le-reproche-cinglant-de-renault\/","title":{"rendered":"\u00ab Avoir 200 kWh de batterie ne sert \u00e0 rien \u00bb : le reproche cinglant de Renault"},"content":{"rendered":"<p><img width=\"1024\" height=\"576\" src=\"https:\/\/www.evearly.news\/fr\/wp-content\/uploads\/sites\/6\/2023\/11\/avoir-200-kwh-de-batterie-ne-sert-a-rien-le-reproche-cinglant-de-renault.jpg\" class=\"attachment-large size-large wp-post-image\" alt=\"\" decoding=\"async\" loading=\"lazy\" \/><br \/>\nLa tendance est \u00e0 l&rsquo;int\u00e9gration de batteries toujours plus grosses dans les v\u00e9hicules \u00e9lectriques. Luca de Meo, patron de Renault, veut d\u00e9fendre une tout autre philosophie pour sa marque : des batteries de taille appropri\u00e9e. <a href=\"https:\/\/www.numerama.com\/vroom\/1563678-avoir-200-kwh-de-batterie-ne-sert-a-rien-le-reproche-cinglant-de-renault.html\" target='bwindow' rel=\"noopener\">Lire la suite&#8230;<\/a><\/p>\n","protected":false},"excerpt":{"rendered":"<p>&#8230; <a class=\"continue-reading-link\" href=\"https:\/\/www.evearly.news\/fr\/avoir-200-kwh-de-batterie-ne-sert-a-rien-le-reproche-cinglant-de-renault\/\"><\/a><\/p>\n","protected":false},"author":16,"featured_media":268036,"comment_status":"closed","ping_status":"open","sticky":false,"template":"Default","format":"standard","meta":{"footnotes":""},"categories":[17],"tags":[],"class_list":["post-268035","post","type-post","status-publish","format-standard","has-post-thumbnail","hentry","category-numerama"],"_links":{"self":[{"href":"https:\/\/www.evearly.news\/fr\/wp-json\/wp\/v2\/posts\/268035","targetHints":{"allow":["GET"]}}],"collection":[{"href":"https:\/\/www.evearly.news\/fr\/wp-json\/wp\/v2\/posts"}],"about":[{"href":"https:\/\/www.evearly.news\/fr\/wp-json\/wp\/v2\/types\/post"}],"author":[{"embeddable":true,"href":"https:\/\/www.evearly.news\/fr\/wp-json\/wp\/v2\/users\/16"}],"replies":[{"embeddable":true,"href":"https:\/\/www.evearly.news\/fr\/wp-json\/wp\/v2\/comments?post=268035"}],"version-history":[{"count":0,"href":"https:\/\/www.evearly.news\/fr\/wp-json\/wp\/v2\/posts\/268035\/revisions"}],"wp:featuredmedia":[{"embeddable":true,"href":"https:\/\/www.evearly.news\/fr\/wp-json\/wp\/v2\/media\/268036"}],"wp:attachment":[{"href":"https:\/\/www.evearly.news\/fr\/wp-json\/wp\/v2\/media?parent=268035"}],"wp:term":[{"taxonomy":"category","embeddable":true,"href":"https:\/\/www.evearly.news\/fr\/wp-json\/wp\/v2\/categories?post=268035"},{"taxonomy":"post_tag","embeddable":true,"href":"https:\/\/www.evearly.news\/fr\/wp-json\/wp\/v2\/tags?post=268035"}],"curies":[{"name":"wp","href":"https:\/\/api.w.org\/{rel}","templated":true}]}}